{"id":3198,"date":"2021-11-08T13:21:00","date_gmt":"2021-11-08T13:21:00","guid":{"rendered":"https:\/\/patrick-friedl.de\/wps\/?p=3198"},"modified":"2025-11-06T13:22:50","modified_gmt":"2025-11-06T13:22:50","slug":"schriftliche-anfrage-biozide-in-baumaterialien","status":"publish","type":"post","link":"https:\/\/patrick-friedl.de\/wps\/2021\/11\/08\/schriftliche-anfrage-biozide-in-baumaterialien\/","title":{"rendered":"Schriftliche Anfrage: Biozide in Baumaterialien"},"content":{"rendered":"\n<p>In dieser schriftlichen Anfrage wird die Staatsregierung zum Einsatz von Bioziden in Baumaterialien befragt, insbesondere in Au\u00dfenfarben und Putzen. Schwerpunkt ist die m\u00f6gliche Belastung von Regenwasser und damit verbunden von Gew\u00e4ssern durch ausgewaschene Biozide. Es wird nach vorhandenen Untersuchungen in Bayern und deren Ergebnissen gefragt sowie nach den eingesetzten Biozidwirkstoffen und den j\u00e4hrlichen Mengen im Hochbau. Zudem interessiert es, ob kommunale oder staatliche Regelungen den Einsatz dieser Stoffe einschr\u00e4nken k\u00f6nnen und ob ein Verbot oder eine st\u00e4rkere Reglementierung sinnvoll w\u00e4re, insbesondere bei geplanter Versickerung oder sensiblen Vorflutern. Die Anfrage umfasst auch bauliche Ma\u00dfnahmen zur Reduzierung der Biozidauswaschung, deren Ber\u00fccksichtigung in Ausschreibungen sowie die Identifizierung besonders problematischer Wirkstoffe. Schlie\u00dflich wird nach der Historie des Biozideinsatzes in Bayern und der Entwicklung der eingesetzten Mengen \u00fcber die letzten zehn Jahre gefragt.<\/p>\n\n\n\n<p><a href=\"http:\/\/patrick-friedl.de\/wps\/wp-content\/uploads\/2025\/11\/18_0018777.pdf\">Die Antwort der Staatsregierung.<\/a><\/p>\n","protected":false},"excerpt":{"rendered":"<p>In dieser schriftlichen Anfrage wird die Staatsregierung zum Einsatz von Bioziden in Baumaterialien befragt, insbesondere in Au\u00dfenfarben und Putzen. Schwerpunkt ist die m\u00f6gliche Belastung von Regenwasser und damit verbunden von [&hellip;]<\/p>\n","protected":false},"author":-1,"featured_media":0,"comment_status":"closed","ping_status":"closed","sticky":false,"template":"","format":"standard","meta":{"footnotes":""},"categories":[45,77],"tags":[],"class_list":["post-3198","post","type-post","status-publish","format-standard","hentry","category-anfragen-im-landtag-2","category-schriftliche-anfragen"],"_links":{"self":[{"href":"https:\/\/patrick-friedl.de\/wps\/wp-json\/wp\/v2\/posts\/3198","targetHints":{"allow":["GET"]}}],"collection":[{"href":"https:\/\/patrick-friedl.de\/wps\/wp-json\/wp\/v2\/posts"}],"about":[{"href":"https:\/\/patrick-friedl.de\/wps\/wp-json\/wp\/v2\/types\/post"}],"author":[{"embeddable":true,"href":"https:\/\/patrick-friedl.de\/wps\/wp-json\/wp\/v2\/users\/8"}],"replies":[{"embeddable":true,"href":"https:\/\/patrick-friedl.de\/wps\/wp-json\/wp\/v2\/comments?post=3198"}],"version-history":[{"count":1,"href":"https:\/\/patrick-friedl.de\/wps\/wp-json\/wp\/v2\/posts\/3198\/revisions"}],"predecessor-version":[{"id":3199,"href":"https:\/\/patrick-friedl.de\/wps\/wp-json\/wp\/v2\/posts\/3198\/revisions\/3199"}],"wp:attachment":[{"href":"https:\/\/patrick-friedl.de\/wps\/wp-json\/wp\/v2\/media?parent=3198"}],"wp:term":[{"taxonomy":"category","embeddable":true,"href":"https:\/\/patrick-friedl.de\/wps\/wp-json\/wp\/v2\/categories?post=3198"},{"taxonomy":"post_tag","embeddable":true,"href":"https:\/\/patrick-friedl.de\/wps\/wp-json\/wp\/v2\/tags?post=3198"}],"curies":[{"name":"wp","href":"https:\/\/api.w.org\/{rel}","templated":true}]}}