{"id":3196,"date":"2021-10-27T13:19:00","date_gmt":"2021-10-27T12:19:00","guid":{"rendered":"https:\/\/patrick-friedl.de\/wps\/?p=3196"},"modified":"2025-11-06T13:21:17","modified_gmt":"2025-11-06T13:21:17","slug":"schriftliche-anfrage-pflicht-zur-verfassungstreue-im-oeffentlichen-dienst-2","status":"publish","type":"post","link":"https:\/\/patrick-friedl.de\/wps\/2021\/10\/27\/schriftliche-anfrage-pflicht-zur-verfassungstreue-im-oeffentlichen-dienst-2\/","title":{"rendered":"Schriftliche Anfrage: Pflicht zur Verfassungstreue im \u00f6ffentlichen Dienst 2"},"content":{"rendered":"\n<p>In dieser schriftlichen Anfrage wird die Staatsregierung zur Ausgestaltung der Verfassungstreue-Bekanntmachung im \u00f6ffentlichen Dienst (Verft\u00f6DBek) befragt. Schwerpunkt ist die Zusammenstellung der Liste von Staatsangeh\u00f6rigkeiten, die einer Pr\u00fcfung durch das Landesamt f\u00fcr Verfassungsschutz unterzogen werden. Es wird nach den Kriterien f\u00fcr die Aufnahme in diese Liste sowie nach Abstimmungen mit anderen Bundesl\u00e4ndern und dem Bund gefragt. Au\u00dferdem wird erfragt, ob und wie sich die Verfassungstreue-Erkl\u00e4rungen in Bayern von denen anderer Bundesl\u00e4nder und des Bundes unterscheiden. Weiterhin sollen die Zahl der \u00fcberpr\u00fcften Personen zwischen 2016 und 2020, deren Staatsangeh\u00f6rigkeiten und die Anzahl der Einstellungen, die aufgrund der Pr\u00fcfung verweigert wurden, tabellarisch dargestellt werden. Ziel der Anfrage ist es, Transparenz \u00fcber die praktische Umsetzung der Verfassungstreuepflicht und m\u00f6gliche Unterschiede zu anderen Bundesl\u00e4ndern zu schaffen.<\/p>\n\n\n\n<p><a href=\"http:\/\/patrick-friedl.de\/wps\/wp-content\/uploads\/2025\/11\/18_0018661.pdf\">Die Antwort der Staatsregierung. <\/a><\/p>\n","protected":false},"excerpt":{"rendered":"<p>In dieser schriftlichen Anfrage wird die Staatsregierung zur Ausgestaltung der Verfassungstreue-Bekanntmachung im \u00f6ffentlichen Dienst (Verft\u00f6DBek) befragt. Schwerpunkt ist die Zusammenstellung der Liste von Staatsangeh\u00f6rigkeiten, die einer Pr\u00fcfung durch das Landesamt [&hellip;]<\/p>\n","protected":false},"author":-1,"featured_media":0,"comment_status":"closed","ping_status":"closed","sticky":false,"template":"","format":"standard","meta":{"footnotes":""},"categories":[45,77],"tags":[],"class_list":["post-3196","post","type-post","status-publish","format-standard","hentry","category-anfragen-im-landtag-2","category-schriftliche-anfragen"],"_links":{"self":[{"href":"https:\/\/patrick-friedl.de\/wps\/wp-json\/wp\/v2\/posts\/3196","targetHints":{"allow":["GET"]}}],"collection":[{"href":"https:\/\/patrick-friedl.de\/wps\/wp-json\/wp\/v2\/posts"}],"about":[{"href":"https:\/\/patrick-friedl.de\/wps\/wp-json\/wp\/v2\/types\/post"}],"author":[{"embeddable":true,"href":"https:\/\/patrick-friedl.de\/wps\/wp-json\/wp\/v2\/users\/8"}],"replies":[{"embeddable":true,"href":"https:\/\/patrick-friedl.de\/wps\/wp-json\/wp\/v2\/comments?post=3196"}],"version-history":[{"count":1,"href":"https:\/\/patrick-friedl.de\/wps\/wp-json\/wp\/v2\/posts\/3196\/revisions"}],"predecessor-version":[{"id":3197,"href":"https:\/\/patrick-friedl.de\/wps\/wp-json\/wp\/v2\/posts\/3196\/revisions\/3197"}],"wp:attachment":[{"href":"https:\/\/patrick-friedl.de\/wps\/wp-json\/wp\/v2\/media?parent=3196"}],"wp:term":[{"taxonomy":"category","embeddable":true,"href":"https:\/\/patrick-friedl.de\/wps\/wp-json\/wp\/v2\/categories?post=3196"},{"taxonomy":"post_tag","embeddable":true,"href":"https:\/\/patrick-friedl.de\/wps\/wp-json\/wp\/v2\/tags?post=3196"}],"curies":[{"name":"wp","href":"https:\/\/api.w.org\/{rel}","templated":true}]}}