{"id":3193,"date":"2021-09-03T13:09:00","date_gmt":"2021-09-03T12:09:00","guid":{"rendered":"https:\/\/patrick-friedl.de\/wps\/?p=3193"},"modified":"2025-11-06T13:19:16","modified_gmt":"2025-11-06T13:19:16","slug":"schriftliche-anfrage-wasserschutzgebiete-in-bayern-2","status":"publish","type":"post","link":"https:\/\/patrick-friedl.de\/wps\/2021\/09\/03\/schriftliche-anfrage-wasserschutzgebiete-in-bayern-2\/","title":{"rendered":"Schriftliche Anfrage: Wasserschutzgebiete in Bayern"},"content":{"rendered":"\n<p>In dieser schriftlichen Anfrage wird die Staatsregierung zum Zustand der bayerischen Wasserschutzgebiete und deren Schutz vor Nitrat- und Pestizideintr\u00e4gen befragt. Grundlage ist die europ\u00e4ische Wasserrahmenrichtlinie, nach der das Grundwasser bis 2015 in einen \u201eguten Zustand\u201c gebracht werden sollte, was bisher nicht erreicht wurde. Die Anfrage zielt darauf ab, wie viele Wasserschutzgebiete es gibt, welche Fl\u00e4che sie einnehmen und wie sich diese Fl\u00e4che in den letzten zehn Jahren entwickelt hat. Au\u00dferdem wird nach dem Stand der Genehmigungsverfahren, einschlie\u00dflich Einreichung, Beh\u00f6rden- und \u00d6ffentlichkeitsbeteiligung sowie Er\u00f6rterungstermine, gefragt. Weiterhin sollen Angaben zur Tiefengrundwasserf\u00f6rderung, zu freiwilligen Kooperationen mit Landwirtinnen und Landwirten sowie zur Einordnung der Gebiete in rote und gelbe D\u00fcngeverordnungsfl\u00e4chen gemacht werden. Ziel ist es, Transparenz \u00fcber die Schutzma\u00dfnahmen und deren Wirksamkeit sowie \u00fcber die Entwicklung der Wasserschutzgebiete in Bayern zu schaffen.<\/p>\n\n\n\n<p><a href=\"http:\/\/patrick-friedl.de\/wps\/wp-content\/uploads\/2025\/11\/18_0017761.pdf\">Die Antwort der Staatsregierung. <\/a><\/p>\n","protected":false},"excerpt":{"rendered":"<p>In dieser schriftlichen Anfrage wird die Staatsregierung zum Zustand der bayerischen Wasserschutzgebiete und deren Schutz vor Nitrat- und Pestizideintr\u00e4gen befragt. Grundlage ist die europ\u00e4ische Wasserrahmenrichtlinie, nach der das Grundwasser bis [&hellip;]<\/p>\n","protected":false},"author":-1,"featured_media":0,"comment_status":"closed","ping_status":"closed","sticky":false,"template":"","format":"standard","meta":{"footnotes":""},"categories":[45,77],"tags":[],"class_list":["post-3193","post","type-post","status-publish","format-standard","hentry","category-anfragen-im-landtag-2","category-schriftliche-anfragen"],"_links":{"self":[{"href":"https:\/\/patrick-friedl.de\/wps\/wp-json\/wp\/v2\/posts\/3193","targetHints":{"allow":["GET"]}}],"collection":[{"href":"https:\/\/patrick-friedl.de\/wps\/wp-json\/wp\/v2\/posts"}],"about":[{"href":"https:\/\/patrick-friedl.de\/wps\/wp-json\/wp\/v2\/types\/post"}],"author":[{"embeddable":true,"href":"https:\/\/patrick-friedl.de\/wps\/wp-json\/wp\/v2\/users\/8"}],"replies":[{"embeddable":true,"href":"https:\/\/patrick-friedl.de\/wps\/wp-json\/wp\/v2\/comments?post=3193"}],"version-history":[{"count":1,"href":"https:\/\/patrick-friedl.de\/wps\/wp-json\/wp\/v2\/posts\/3193\/revisions"}],"predecessor-version":[{"id":3195,"href":"https:\/\/patrick-friedl.de\/wps\/wp-json\/wp\/v2\/posts\/3193\/revisions\/3195"}],"wp:attachment":[{"href":"https:\/\/patrick-friedl.de\/wps\/wp-json\/wp\/v2\/media?parent=3193"}],"wp:term":[{"taxonomy":"category","embeddable":true,"href":"https:\/\/patrick-friedl.de\/wps\/wp-json\/wp\/v2\/categories?post=3193"},{"taxonomy":"post_tag","embeddable":true,"href":"https:\/\/patrick-friedl.de\/wps\/wp-json\/wp\/v2\/tags?post=3193"}],"curies":[{"name":"wp","href":"https:\/\/api.w.org\/{rel}","templated":true}]}}