{"id":3191,"date":"2021-09-01T13:06:00","date_gmt":"2021-09-01T12:06:00","guid":{"rendered":"https:\/\/patrick-friedl.de\/wps\/?p=3191"},"modified":"2025-11-06T13:09:35","modified_gmt":"2025-11-06T13:09:35","slug":"schriftliche-anfrage-ueberpruefung-durch-das-landesamt-fuer-verfassungschutz-nach-verftoedbek","status":"publish","type":"post","link":"https:\/\/patrick-friedl.de\/wps\/2021\/09\/01\/schriftliche-anfrage-ueberpruefung-durch-das-landesamt-fuer-verfassungschutz-nach-verftoedbek\/","title":{"rendered":"Schriftliche Anfrage: \u00dcberpr\u00fcfung durch das Landesamt f\u00fcr Verfassungschutz nach Verft\u00f6DBek"},"content":{"rendered":"\n<p>In dieser schriftlichen Anfrage wird die Staatsregierung zur \u00dcberpr\u00fcfung von Personen durch das Landesamt f\u00fcr Verfassungsschutz im Rahmen der Verfassungstreue-Bekanntmachung (Verft\u00f6DBek) befragt. Die Anfrage zielt darauf ab, zu fragen, warum Personen ohne deutsche Staatsangeh\u00f6rigkeit, mit unbekannter oder ungekl\u00e4rter Staatsangeh\u00f6rigkeit oder mit Herkunft aus bestimmten Staaten einer \u00dcberpr\u00fcfung unterzogen werden. Zudem soll die Staatsregierung Auskunft dar\u00fcber geben, wie vielen Personen in den letzten f\u00fcnf Jahren aufgrund dieser \u00dcberpr\u00fcfung eine Einstellung im \u00f6ffentlichen Dienst verweigert wurde. Schlie\u00dflich wird erfragt, welche Ma\u00dfnahmen die Staatsregierung plant, um eine m\u00f6gliche Ungleichbehandlung in diesem Verfahren zu beheben. Ziel ist es, Transparenz \u00fcber die Anwendung der Verfassungstreue-Bekanntmachung und die Gleichbehandlung aller Bewerberinnen und Bewerber im \u00f6ffentlichen Dienst herzustellen.<\/p>\n\n\n\n<p><a href=\"http:\/\/patrick-friedl.de\/wps\/wp-content\/uploads\/2025\/11\/18_0017751.pdf\">Die Antwort der Staatsregierung.<\/a><\/p>\n","protected":false},"excerpt":{"rendered":"<p>In dieser schriftlichen Anfrage wird die Staatsregierung zur \u00dcberpr\u00fcfung von Personen durch das Landesamt f\u00fcr Verfassungsschutz im Rahmen der Verfassungstreue-Bekanntmachung (Verft\u00f6DBek) befragt. Die Anfrage zielt darauf ab, zu fragen, warum [&hellip;]<\/p>\n","protected":false},"author":-1,"featured_media":0,"comment_status":"closed","ping_status":"closed","sticky":false,"template":"","format":"standard","meta":{"footnotes":""},"categories":[45,77],"tags":[],"class_list":["post-3191","post","type-post","status-publish","format-standard","hentry","category-anfragen-im-landtag-2","category-schriftliche-anfragen"],"_links":{"self":[{"href":"https:\/\/patrick-friedl.de\/wps\/wp-json\/wp\/v2\/posts\/3191","targetHints":{"allow":["GET"]}}],"collection":[{"href":"https:\/\/patrick-friedl.de\/wps\/wp-json\/wp\/v2\/posts"}],"about":[{"href":"https:\/\/patrick-friedl.de\/wps\/wp-json\/wp\/v2\/types\/post"}],"author":[{"embeddable":true,"href":"https:\/\/patrick-friedl.de\/wps\/wp-json\/wp\/v2\/users\/8"}],"replies":[{"embeddable":true,"href":"https:\/\/patrick-friedl.de\/wps\/wp-json\/wp\/v2\/comments?post=3191"}],"version-history":[{"count":2,"href":"https:\/\/patrick-friedl.de\/wps\/wp-json\/wp\/v2\/posts\/3191\/revisions"}],"predecessor-version":[{"id":3194,"href":"https:\/\/patrick-friedl.de\/wps\/wp-json\/wp\/v2\/posts\/3191\/revisions\/3194"}],"wp:attachment":[{"href":"https:\/\/patrick-friedl.de\/wps\/wp-json\/wp\/v2\/media?parent=3191"}],"wp:term":[{"taxonomy":"category","embeddable":true,"href":"https:\/\/patrick-friedl.de\/wps\/wp-json\/wp\/v2\/categories?post=3191"},{"taxonomy":"post_tag","embeddable":true,"href":"https:\/\/patrick-friedl.de\/wps\/wp-json\/wp\/v2\/tags?post=3191"}],"curies":[{"name":"wp","href":"https:\/\/api.w.org\/{rel}","templated":true}]}}