{"id":3170,"date":"2021-07-22T11:08:00","date_gmt":"2021-07-22T10:08:00","guid":{"rendered":"https:\/\/patrick-friedl.de\/wps\/?p=3170"},"modified":"2025-11-06T11:10:40","modified_gmt":"2025-11-06T11:10:40","slug":"schriftliche-anfrage-trinkwasserverbrauch-in-bayern","status":"publish","type":"post","link":"https:\/\/patrick-friedl.de\/wps\/2021\/07\/22\/schriftliche-anfrage-trinkwasserverbrauch-in-bayern\/","title":{"rendered":"Schriftliche Anfrage: Trinkwasserverbrauch in Bayern"},"content":{"rendered":"\n<p>In dieser schriftlichen Anfrage wird die Staatsregierung zum Trinkwasserverbrauch in Bayern befragt. Grundlage der Anfrage ist die Versorgung der Bev\u00f6lkerung mit Trinkwasser in ausreichender Menge und guter Qualit\u00e4t sowie die Herausforderung, die Ressource Grundwasser angesichts des Klimawandels nachhaltig zu nutzen. Die Anfrage zielt darauf ab, wie sich der Pro-Kopf-Verbrauch in den letzten zehn Jahren entwickelt hat, welche Verwendungszwecke unterschieden werden, warum Bayern beim Trinkwasserverbrauch eine Spitzenposition einnimmt und welche Unterschiede zwischen Gemeinden bestehen. Au\u00dferdem wird nach Zielgr\u00f6\u00dfen f\u00fcr den Pro-Kopf-Verbrauch 2030 und 2050, nach gef\u00e4hrdeten Ballungsr\u00e4umen sowie nach Ma\u00dfnahmen der Landesplanung und des Interessenausgleichs gefragt. Weitere Themen sind die Nutzung tieferer Grundwasserstockwerke, wassersparende Ma\u00dfnahmen in Gewerbe und Landwirtschaft, Anreizmodelle durch Wasserpreise, Auswirkungen von Niederschlag, Haushaltsgr\u00f6\u00dfe und Altersstruktur auf den Verbrauch, F\u00f6rderungen und Aufkl\u00e4rung zu Regenwassernutzung und Einsparungsm\u00f6glichkeiten, die Problematik des Wasserverbrauchs f\u00fcr private Schwimmb\u00e4der sowie Anordnungen und Empfehlungen f\u00fcr die Bauleitplanung und Einschr\u00e4nkungen in l\u00e4ngeren Trockenperioden.<\/p>\n\n\n\n<p><a href=\"http:\/\/patrick-friedl.de\/wps\/wp-content\/uploads\/2025\/11\/18_0017502.pdf\">Die Antwort der Staatsregierung.<\/a><\/p>\n","protected":false},"excerpt":{"rendered":"<p>In dieser schriftlichen Anfrage wird die Staatsregierung zum Trinkwasserverbrauch in Bayern befragt. Grundlage der Anfrage ist die Versorgung der Bev\u00f6lkerung mit Trinkwasser in ausreichender Menge und guter Qualit\u00e4t sowie die [&hellip;]<\/p>\n","protected":false},"author":-1,"featured_media":0,"comment_status":"closed","ping_status":"closed","sticky":false,"template":"","format":"standard","meta":{"footnotes":""},"categories":[45,77],"tags":[],"class_list":["post-3170","post","type-post","status-publish","format-standard","hentry","category-anfragen-im-landtag-2","category-schriftliche-anfragen"],"_links":{"self":[{"href":"https:\/\/patrick-friedl.de\/wps\/wp-json\/wp\/v2\/posts\/3170","targetHints":{"allow":["GET"]}}],"collection":[{"href":"https:\/\/patrick-friedl.de\/wps\/wp-json\/wp\/v2\/posts"}],"about":[{"href":"https:\/\/patrick-friedl.de\/wps\/wp-json\/wp\/v2\/types\/post"}],"author":[{"embeddable":true,"href":"https:\/\/patrick-friedl.de\/wps\/wp-json\/wp\/v2\/users\/8"}],"replies":[{"embeddable":true,"href":"https:\/\/patrick-friedl.de\/wps\/wp-json\/wp\/v2\/comments?post=3170"}],"version-history":[{"count":1,"href":"https:\/\/patrick-friedl.de\/wps\/wp-json\/wp\/v2\/posts\/3170\/revisions"}],"predecessor-version":[{"id":3173,"href":"https:\/\/patrick-friedl.de\/wps\/wp-json\/wp\/v2\/posts\/3170\/revisions\/3173"}],"wp:attachment":[{"href":"https:\/\/patrick-friedl.de\/wps\/wp-json\/wp\/v2\/media?parent=3170"}],"wp:term":[{"taxonomy":"category","embeddable":true,"href":"https:\/\/patrick-friedl.de\/wps\/wp-json\/wp\/v2\/categories?post=3170"},{"taxonomy":"post_tag","embeddable":true,"href":"https:\/\/patrick-friedl.de\/wps\/wp-json\/wp\/v2\/tags?post=3170"}],"curies":[{"name":"wp","href":"https:\/\/api.w.org\/{rel}","templated":true}]}}