{"id":316,"date":"2021-04-29T14:52:21","date_gmt":"2021-04-29T13:52:21","guid":{"rendered":"https:\/\/patrick-friedl.de\/wps\/2021\/04\/29\/schriftliche-anfrage-kleinhesseloher-see\/"},"modified":"2025-06-03T14:10:11","modified_gmt":"2025-06-03T13:10:11","slug":"schriftliche-anfrage-kleinhesseloher-see","status":"publish","type":"post","link":"https:\/\/patrick-friedl.de\/wps\/2021\/04\/29\/schriftliche-anfrage-kleinhesseloher-see\/","title":{"rendered":"Schriftliche Anfrage: Kleinhesseloher See"},"content":{"rendered":"<p>Der Kleinhesseloher See befindet sich im Englischen Garten in M\u00fcnchen und untersteht damit der Bayerischen Verwaltung der staatlichen Schl\u00f6sser, G\u00e4rten und Seen. Mein Kollege Christian Hierneis und ich befragten die Staatsregierung zum Anlegen, Ablassen und Wiederbef\u00fcllen und zur Sanierung des Kleinhesseloher Sees und zu Problemen mit den Grundwasserst\u00e4nden in der Umgebung.<\/p>\n<p>Die Anfrage und die Antwort der Staatsregierung finden Sie <a href=\"http:\/\/www1.bayern.landtag.de\/www\/ElanTextAblage_WP18\/Drucksachen\/Schriftliche%20Anfragen\/18_0010163.pdf\" target=\"_blank\" rel=\"noopener noreferrer\">hier.<\/a><\/p>\n","protected":false},"excerpt":{"rendered":"<p>Der Kleinhesseloher See befindet sich im Englischen Garten in M\u00fcnchen und untersteht damit der Bayerischen Verwaltung der staatlichen Schl\u00f6sser, G\u00e4rten und Seen. Mein Kollege Christian Hierneis und ich befragten die [&hellip;]<\/p>\n","protected":false},"author":-1,"featured_media":0,"comment_status":"open","ping_status":"open","sticky":false,"template":"","format":"standard","meta":{"footnotes":""},"categories":[45,77,80],"tags":[],"class_list":["post-316","post","type-post","status-publish","format-standard","hentry","category-anfragen-im-landtag-2","category-schriftliche-anfragen","category-wasser-gewaesser-san"],"_links":{"self":[{"href":"https:\/\/patrick-friedl.de\/wps\/wp-json\/wp\/v2\/posts\/316","targetHints":{"allow":["GET"]}}],"collection":[{"href":"https:\/\/patrick-friedl.de\/wps\/wp-json\/wp\/v2\/posts"}],"about":[{"href":"https:\/\/patrick-friedl.de\/wps\/wp-json\/wp\/v2\/types\/post"}],"author":[{"embeddable":true,"href":"https:\/\/patrick-friedl.de\/wps\/wp-json\/wp\/v2\/users\/8"}],"replies":[{"embeddable":true,"href":"https:\/\/patrick-friedl.de\/wps\/wp-json\/wp\/v2\/comments?post=316"}],"version-history":[{"count":1,"href":"https:\/\/patrick-friedl.de\/wps\/wp-json\/wp\/v2\/posts\/316\/revisions"}],"predecessor-version":[{"id":1882,"href":"https:\/\/patrick-friedl.de\/wps\/wp-json\/wp\/v2\/posts\/316\/revisions\/1882"}],"wp:attachment":[{"href":"https:\/\/patrick-friedl.de\/wps\/wp-json\/wp\/v2\/media?parent=316"}],"wp:term":[{"taxonomy":"category","embeddable":true,"href":"https:\/\/patrick-friedl.de\/wps\/wp-json\/wp\/v2\/categories?post=316"},{"taxonomy":"post_tag","embeddable":true,"href":"https:\/\/patrick-friedl.de\/wps\/wp-json\/wp\/v2\/tags?post=316"}],"curies":[{"name":"wp","href":"https:\/\/api.w.org\/{rel}","templated":true}]}}