{"id":3159,"date":"2021-06-02T10:57:00","date_gmt":"2021-06-02T09:57:00","guid":{"rendered":"https:\/\/patrick-friedl.de\/wps\/?p=3159"},"modified":"2025-11-06T10:59:17","modified_gmt":"2025-11-06T10:59:17","slug":"schriftliche-anfrage-brueckenangebote-und-andere-foerderprogramme-fuer-schuelerinnen-in-bayern","status":"publish","type":"post","link":"https:\/\/patrick-friedl.de\/wps\/2021\/06\/02\/schriftliche-anfrage-brueckenangebote-und-andere-foerderprogramme-fuer-schuelerinnen-in-bayern\/","title":{"rendered":"Schriftliche Anfrage: Br\u00fcckenangebote und andere F\u00f6rderprogramme f\u00fcr Sch\u00fcler*innen in Bayern"},"content":{"rendered":"\n<p>In dieser schriftlichen Anfrage wird die Staatsregierung zu den sogenannten Br\u00fcckenangeboten und weiteren F\u00f6rderprogrammen f\u00fcr Sch\u00fclerinnen und Sch\u00fcler in Bayern befragt, die im Juni 2020 eingef\u00fchrt wurden. Ziel ist es, coronabedingte Lernr\u00fcckst\u00e4nde auszugleichen, insbesondere bei Kindern und Jugendlichen aus einkommensschwachen, bildungsfernen oder Migrationsfamilien. Thematisiert werden die Formen der Angebote, Zielgruppen, F\u00f6rderkriterien, Datengrundlagen, konkrete Unterst\u00fctzungsm\u00f6glichkeiten, zus\u00e4tzliche Lehrstunden, die Sicherstellung fl\u00e4chendeckender F\u00f6rderung, die Nutzung von Ferienprogrammen und Ehrenamtlichen sowie die Evaluation der Ma\u00dfnahmen hinsichtlich ihrer Wirksamkeit und Effizienz.<\/p>\n\n\n\n<p><a href=\"http:\/\/patrick-friedl.de\/wps\/wp-content\/uploads\/2025\/11\/18_0016069.pdf\">Die Antwort der Staatsregierung.<\/a><\/p>\n","protected":false},"excerpt":{"rendered":"<p>In dieser schriftlichen Anfrage wird die Staatsregierung zu den sogenannten Br\u00fcckenangeboten und weiteren F\u00f6rderprogrammen f\u00fcr Sch\u00fclerinnen und Sch\u00fcler in Bayern befragt, die im Juni 2020 eingef\u00fchrt wurden. Ziel ist es, [&hellip;]<\/p>\n","protected":false},"author":-1,"featured_media":0,"comment_status":"closed","ping_status":"closed","sticky":false,"template":"","format":"standard","meta":{"footnotes":""},"categories":[45,77],"tags":[],"class_list":["post-3159","post","type-post","status-publish","format-standard","hentry","category-anfragen-im-landtag-2","category-schriftliche-anfragen"],"_links":{"self":[{"href":"https:\/\/patrick-friedl.de\/wps\/wp-json\/wp\/v2\/posts\/3159","targetHints":{"allow":["GET"]}}],"collection":[{"href":"https:\/\/patrick-friedl.de\/wps\/wp-json\/wp\/v2\/posts"}],"about":[{"href":"https:\/\/patrick-friedl.de\/wps\/wp-json\/wp\/v2\/types\/post"}],"author":[{"embeddable":true,"href":"https:\/\/patrick-friedl.de\/wps\/wp-json\/wp\/v2\/users\/8"}],"replies":[{"embeddable":true,"href":"https:\/\/patrick-friedl.de\/wps\/wp-json\/wp\/v2\/comments?post=3159"}],"version-history":[{"count":1,"href":"https:\/\/patrick-friedl.de\/wps\/wp-json\/wp\/v2\/posts\/3159\/revisions"}],"predecessor-version":[{"id":3160,"href":"https:\/\/patrick-friedl.de\/wps\/wp-json\/wp\/v2\/posts\/3159\/revisions\/3160"}],"wp:attachment":[{"href":"https:\/\/patrick-friedl.de\/wps\/wp-json\/wp\/v2\/media?parent=3159"}],"wp:term":[{"taxonomy":"category","embeddable":true,"href":"https:\/\/patrick-friedl.de\/wps\/wp-json\/wp\/v2\/categories?post=3159"},{"taxonomy":"post_tag","embeddable":true,"href":"https:\/\/patrick-friedl.de\/wps\/wp-json\/wp\/v2\/tags?post=3159"}],"curies":[{"name":"wp","href":"https:\/\/api.w.org\/{rel}","templated":true}]}}