{"id":3157,"date":"2021-06-01T10:54:00","date_gmt":"2021-06-01T09:54:00","guid":{"rendered":"https:\/\/patrick-friedl.de\/wps\/?p=3157"},"modified":"2025-11-06T10:57:02","modified_gmt":"2025-11-06T10:57:02","slug":"schriftliche-anfrage-spaete-mahd-zum-schutz-der-artenvielfalt","status":"publish","type":"post","link":"https:\/\/patrick-friedl.de\/wps\/2021\/06\/01\/schriftliche-anfrage-spaete-mahd-zum-schutz-der-artenvielfalt\/","title":{"rendered":"Schriftliche Anfrage: Sp\u00e4te Mahd zum Schutz der Artenvielfalt"},"content":{"rendered":"\n<p>In dieser schriftlichen Anfrage wird die Staatsregierung zum Einsatz von sp\u00e4ten Mahdma\u00dfnahmen im Rahmen des Vertragsnaturschutzprogramms 2020 befragt. Ziel ist es, die Artenvielfalt auf bayerischen Wiesen zu f\u00f6rdern, indem Wiesenbr\u00fcter gesch\u00fctzt und die Bl\u00fcte von Kr\u00e4utern als Nahrungsquelle f\u00fcr Insekten erm\u00f6glicht wird. Thematisiert werden die beantragten Fl\u00e4chen f\u00fcr unterschiedliche Schnittzeitpunkte, Brachlegungsma\u00dfnahmen und ergebnisorientierte Gr\u00fcnlandnutzung in den Landkreisen und Regierungsbezirken sowie die daf\u00fcr ausbezahlten Mittel.<\/p>\n\n\n\n<p><a href=\"http:\/\/patrick-friedl.de\/wps\/wp-content\/uploads\/2025\/11\/18_0016063.pdf\">Die Antwort der Staatsregierung. <\/a><\/p>\n","protected":false},"excerpt":{"rendered":"<p>In dieser schriftlichen Anfrage wird die Staatsregierung zum Einsatz von sp\u00e4ten Mahdma\u00dfnahmen im Rahmen des Vertragsnaturschutzprogramms 2020 befragt. Ziel ist es, die Artenvielfalt auf bayerischen Wiesen zu f\u00f6rdern, indem Wiesenbr\u00fcter [&hellip;]<\/p>\n","protected":false},"author":-1,"featured_media":0,"comment_status":"closed","ping_status":"closed","sticky":false,"template":"","format":"standard","meta":{"footnotes":""},"categories":[45,77],"tags":[],"class_list":["post-3157","post","type-post","status-publish","format-standard","hentry","category-anfragen-im-landtag-2","category-schriftliche-anfragen"],"_links":{"self":[{"href":"https:\/\/patrick-friedl.de\/wps\/wp-json\/wp\/v2\/posts\/3157","targetHints":{"allow":["GET"]}}],"collection":[{"href":"https:\/\/patrick-friedl.de\/wps\/wp-json\/wp\/v2\/posts"}],"about":[{"href":"https:\/\/patrick-friedl.de\/wps\/wp-json\/wp\/v2\/types\/post"}],"author":[{"embeddable":true,"href":"https:\/\/patrick-friedl.de\/wps\/wp-json\/wp\/v2\/users\/8"}],"replies":[{"embeddable":true,"href":"https:\/\/patrick-friedl.de\/wps\/wp-json\/wp\/v2\/comments?post=3157"}],"version-history":[{"count":1,"href":"https:\/\/patrick-friedl.de\/wps\/wp-json\/wp\/v2\/posts\/3157\/revisions"}],"predecessor-version":[{"id":3158,"href":"https:\/\/patrick-friedl.de\/wps\/wp-json\/wp\/v2\/posts\/3157\/revisions\/3158"}],"wp:attachment":[{"href":"https:\/\/patrick-friedl.de\/wps\/wp-json\/wp\/v2\/media?parent=3157"}],"wp:term":[{"taxonomy":"category","embeddable":true,"href":"https:\/\/patrick-friedl.de\/wps\/wp-json\/wp\/v2\/categories?post=3157"},{"taxonomy":"post_tag","embeddable":true,"href":"https:\/\/patrick-friedl.de\/wps\/wp-json\/wp\/v2\/tags?post=3157"}],"curies":[{"name":"wp","href":"https:\/\/api.w.org\/{rel}","templated":true}]}}