{"id":3155,"date":"2021-05-31T10:52:00","date_gmt":"2021-05-31T09:52:00","guid":{"rendered":"https:\/\/patrick-friedl.de\/wps\/?p=3155"},"modified":"2025-11-06T10:54:29","modified_gmt":"2025-11-06T10:54:29","slug":"schriftliche-anfrage-oekolandbau-2020-in-bayern","status":"publish","type":"post","link":"https:\/\/patrick-friedl.de\/wps\/2021\/05\/31\/schriftliche-anfrage-oekolandbau-2020-in-bayern\/","title":{"rendered":"Schriftliche Anfrage: \u00d6kolandbau 2020 in Bayern"},"content":{"rendered":"\n<p>In dieser schriftlichen Anfrage wird die Staatsregierung zum Stand des \u00d6kolandbaus in Bayern im Jahr 2020 befragt. Im Mittelpunkt steht die Umsetzung des Volksbegehrens \u201eNatursch\u00f6nheit in Bayern \u2013 Rettet die Bienen\u201c, das vorsieht, dass bis 2025 mindestens 20\u202f% und bis 2030 mindestens 30\u202f% der landwirtschaftlich genutzten Fl\u00e4chen \u00f6kologisch bewirtschaftet werden sollen. Konkret geht es um die Fl\u00e4che \u00f6kologisch bewirtschafteter Acker- und Dauergr\u00fcnlandfl\u00e4chen in den Landkreisen und Regierungsbezirken, deren prozentualer Anteil an der jeweiligen Gesamtfl\u00e4che, sowie um die gesamte \u00f6kologisch bewirtschaftete Landwirtschaftsfl\u00e4che. Zudem werden die von staatlichen Stellen bewirtschafteten Fl\u00e4chen und deren \u00f6kologischer Anteil sowie die an nichtstaatliche Betriebe verpachteten Fl\u00e4chen und deren \u00f6kologische Nutzung thematisiert.<\/p>\n\n\n\n<p><a href=\"http:\/\/patrick-friedl.de\/wps\/wp-content\/uploads\/2025\/11\/18_0016035.pdf\">Die Antwort der Staatsregierung. <\/a><\/p>\n\n\n\n<p><\/p>\n","protected":false},"excerpt":{"rendered":"<p>In dieser schriftlichen Anfrage wird die Staatsregierung zum Stand des \u00d6kolandbaus in Bayern im Jahr 2020 befragt. Im Mittelpunkt steht die Umsetzung des Volksbegehrens \u201eNatursch\u00f6nheit in Bayern \u2013 Rettet die [&hellip;]<\/p>\n","protected":false},"author":-1,"featured_media":0,"comment_status":"closed","ping_status":"closed","sticky":false,"template":"","format":"standard","meta":{"footnotes":""},"categories":[45,77],"tags":[],"class_list":["post-3155","post","type-post","status-publish","format-standard","hentry","category-anfragen-im-landtag-2","category-schriftliche-anfragen"],"_links":{"self":[{"href":"https:\/\/patrick-friedl.de\/wps\/wp-json\/wp\/v2\/posts\/3155","targetHints":{"allow":["GET"]}}],"collection":[{"href":"https:\/\/patrick-friedl.de\/wps\/wp-json\/wp\/v2\/posts"}],"about":[{"href":"https:\/\/patrick-friedl.de\/wps\/wp-json\/wp\/v2\/types\/post"}],"author":[{"embeddable":true,"href":"https:\/\/patrick-friedl.de\/wps\/wp-json\/wp\/v2\/users\/8"}],"replies":[{"embeddable":true,"href":"https:\/\/patrick-friedl.de\/wps\/wp-json\/wp\/v2\/comments?post=3155"}],"version-history":[{"count":1,"href":"https:\/\/patrick-friedl.de\/wps\/wp-json\/wp\/v2\/posts\/3155\/revisions"}],"predecessor-version":[{"id":3156,"href":"https:\/\/patrick-friedl.de\/wps\/wp-json\/wp\/v2\/posts\/3155\/revisions\/3156"}],"wp:attachment":[{"href":"https:\/\/patrick-friedl.de\/wps\/wp-json\/wp\/v2\/media?parent=3155"}],"wp:term":[{"taxonomy":"category","embeddable":true,"href":"https:\/\/patrick-friedl.de\/wps\/wp-json\/wp\/v2\/categories?post=3155"},{"taxonomy":"post_tag","embeddable":true,"href":"https:\/\/patrick-friedl.de\/wps\/wp-json\/wp\/v2\/tags?post=3155"}],"curies":[{"name":"wp","href":"https:\/\/api.w.org\/{rel}","templated":true}]}}