{"id":3153,"date":"2021-05-28T10:50:00","date_gmt":"2021-05-28T09:50:00","guid":{"rendered":"https:\/\/patrick-friedl.de\/wps\/?p=3153"},"modified":"2025-11-06T10:52:36","modified_gmt":"2025-11-06T10:52:36","slug":"schriftliche-anfrage-auswirkungen-des-%c2%a713b-baugb-auf-den-flaechenverbrauch-und-naturschutz-in-bayern","status":"publish","type":"post","link":"https:\/\/patrick-friedl.de\/wps\/2021\/05\/28\/schriftliche-anfrage-auswirkungen-des-%c2%a713b-baugb-auf-den-flaechenverbrauch-und-naturschutz-in-bayern\/","title":{"rendered":"Schriftliche Anfrage: Auswirkungen des \u00a713b BauGB auf den Fl\u00e4chenverbrauch und Naturschutz in Bayern"},"content":{"rendered":"\n<p>In dieser schriftlichen Anfrage wird die Staatsregierung zu den Auswirkungen des \u00a7 13b BauGB auf Fl\u00e4chenverbrauch und Naturschutz in Bayern befragt. Im Fokus steht, inwieweit die Regelung, die ein beschleunigtes Verfahren f\u00fcr Baugebiete bis 10.000 m\u00b2 erlaubt, mit Klimaschutz-, Bodenschutz- und Umwidmungsvorgaben vereinbar ist. Es wird erfragt, wie viele Bebauungspl\u00e4ne nach \u00a7 13a und \u00a7 13b BauGB beantragt und beschlossen wurden, welche Fl\u00e4chenkategorien und Zielgebiete betroffen sind, sowie welche Umwelt- und Artenschutzpr\u00fcfungen durchgef\u00fchrt wurden. Weitere Aspekte betreffen die Lage der ausgewiesenen Fl\u00e4chen in Gemeinden mit angespannten Wohnungsm\u00e4rkten, die m\u00f6gliche Wohnraumschaffung, die bisherige Evaluation des \u00a7 13b BauGB sowie die Frage nach einer Verl\u00e4ngerung des Paragraphen auf Bundes- bzw. Landesebene.<\/p>\n\n\n\n<p><a href=\"http:\/\/patrick-friedl.de\/wps\/wp-content\/uploads\/2025\/11\/18_0016034.pdf\">Die Antwort der Staatsregierung.<\/a><\/p>\n","protected":false},"excerpt":{"rendered":"<p>In dieser schriftlichen Anfrage wird die Staatsregierung zu den Auswirkungen des \u00a7 13b BauGB auf Fl\u00e4chenverbrauch und Naturschutz in Bayern befragt. Im Fokus steht, inwieweit die Regelung, die ein beschleunigtes [&hellip;]<\/p>\n","protected":false},"author":-1,"featured_media":0,"comment_status":"closed","ping_status":"closed","sticky":false,"template":"","format":"standard","meta":{"footnotes":""},"categories":[45,77],"tags":[],"class_list":["post-3153","post","type-post","status-publish","format-standard","hentry","category-anfragen-im-landtag-2","category-schriftliche-anfragen"],"_links":{"self":[{"href":"https:\/\/patrick-friedl.de\/wps\/wp-json\/wp\/v2\/posts\/3153","targetHints":{"allow":["GET"]}}],"collection":[{"href":"https:\/\/patrick-friedl.de\/wps\/wp-json\/wp\/v2\/posts"}],"about":[{"href":"https:\/\/patrick-friedl.de\/wps\/wp-json\/wp\/v2\/types\/post"}],"author":[{"embeddable":true,"href":"https:\/\/patrick-friedl.de\/wps\/wp-json\/wp\/v2\/users\/8"}],"replies":[{"embeddable":true,"href":"https:\/\/patrick-friedl.de\/wps\/wp-json\/wp\/v2\/comments?post=3153"}],"version-history":[{"count":1,"href":"https:\/\/patrick-friedl.de\/wps\/wp-json\/wp\/v2\/posts\/3153\/revisions"}],"predecessor-version":[{"id":3154,"href":"https:\/\/patrick-friedl.de\/wps\/wp-json\/wp\/v2\/posts\/3153\/revisions\/3154"}],"wp:attachment":[{"href":"https:\/\/patrick-friedl.de\/wps\/wp-json\/wp\/v2\/media?parent=3153"}],"wp:term":[{"taxonomy":"category","embeddable":true,"href":"https:\/\/patrick-friedl.de\/wps\/wp-json\/wp\/v2\/categories?post=3153"},{"taxonomy":"post_tag","embeddable":true,"href":"https:\/\/patrick-friedl.de\/wps\/wp-json\/wp\/v2\/tags?post=3153"}],"curies":[{"name":"wp","href":"https:\/\/api.w.org\/{rel}","templated":true}]}}