{"id":3151,"date":"2021-05-27T10:48:00","date_gmt":"2021-05-27T09:48:00","guid":{"rendered":"https:\/\/patrick-friedl.de\/wps\/?p=3151"},"modified":"2025-11-06T10:50:17","modified_gmt":"2025-11-06T10:50:17","slug":"schriftliche-anfrage-gewaesserschutz-im-kulturlandschaftsprogramm-2","status":"publish","type":"post","link":"https:\/\/patrick-friedl.de\/wps\/2021\/05\/27\/schriftliche-anfrage-gewaesserschutz-im-kulturlandschaftsprogramm-2\/","title":{"rendered":"Schriftliche Anfrage: Gew\u00e4sserschutz im Kulturlandschaftsprogramm"},"content":{"rendered":"\n<p>In dieser schriftlichen Anfrage wird die Staatsregierung zur Umsetzung von Gew\u00e4sserschutzma\u00dfnahmen im Kulturlandschaftsprogramm (KULAP) befragt. Im Mittelpunkt stehen die KULAP-Ma\u00dfnahmen B28, B30, B32\/33 und B34, die der Umwandlung von Ackerfl\u00e4chen in Gr\u00fcnland, der extensiven Gr\u00fcnlandnutzung sowie dem Gew\u00e4sser- und Erosionsschutz dienen. Erfragt wird, wie viele Hektar dieser Ma\u00dfnahmen im Jahr 2020 in den einzelnen Landkreisen und Regierungsbezirken beantragt wurden und f\u00fcr wie viele Hektar Mittel tats\u00e4chlich ausgezahlt wurden.<\/p>\n\n\n\n<p><a href=\"http:\/\/patrick-friedl.de\/wps\/wp-content\/uploads\/2025\/11\/18_0016008.pdf\">Die Antwort der Staatsregierung.<\/a><\/p>\n\n\n\n<p><\/p>\n","protected":false},"excerpt":{"rendered":"<p>In dieser schriftlichen Anfrage wird die Staatsregierung zur Umsetzung von Gew\u00e4sserschutzma\u00dfnahmen im Kulturlandschaftsprogramm (KULAP) befragt. Im Mittelpunkt stehen die KULAP-Ma\u00dfnahmen B28, B30, B32\/33 und B34, die der Umwandlung von Ackerfl\u00e4chen [&hellip;]<\/p>\n","protected":false},"author":-1,"featured_media":0,"comment_status":"closed","ping_status":"closed","sticky":false,"template":"","format":"standard","meta":{"footnotes":""},"categories":[45,77],"tags":[],"class_list":["post-3151","post","type-post","status-publish","format-standard","hentry","category-anfragen-im-landtag-2","category-schriftliche-anfragen"],"_links":{"self":[{"href":"https:\/\/patrick-friedl.de\/wps\/wp-json\/wp\/v2\/posts\/3151","targetHints":{"allow":["GET"]}}],"collection":[{"href":"https:\/\/patrick-friedl.de\/wps\/wp-json\/wp\/v2\/posts"}],"about":[{"href":"https:\/\/patrick-friedl.de\/wps\/wp-json\/wp\/v2\/types\/post"}],"author":[{"embeddable":true,"href":"https:\/\/patrick-friedl.de\/wps\/wp-json\/wp\/v2\/users\/8"}],"replies":[{"embeddable":true,"href":"https:\/\/patrick-friedl.de\/wps\/wp-json\/wp\/v2\/comments?post=3151"}],"version-history":[{"count":1,"href":"https:\/\/patrick-friedl.de\/wps\/wp-json\/wp\/v2\/posts\/3151\/revisions"}],"predecessor-version":[{"id":3152,"href":"https:\/\/patrick-friedl.de\/wps\/wp-json\/wp\/v2\/posts\/3151\/revisions\/3152"}],"wp:attachment":[{"href":"https:\/\/patrick-friedl.de\/wps\/wp-json\/wp\/v2\/media?parent=3151"}],"wp:term":[{"taxonomy":"category","embeddable":true,"href":"https:\/\/patrick-friedl.de\/wps\/wp-json\/wp\/v2\/categories?post=3151"},{"taxonomy":"post_tag","embeddable":true,"href":"https:\/\/patrick-friedl.de\/wps\/wp-json\/wp\/v2\/tags?post=3151"}],"curies":[{"name":"wp","href":"https:\/\/api.w.org\/{rel}","templated":true}]}}