{"id":3147,"date":"2021-05-20T10:39:00","date_gmt":"2021-05-20T09:39:00","guid":{"rendered":"https:\/\/patrick-friedl.de\/wps\/?p=3147"},"modified":"2025-11-06T10:40:44","modified_gmt":"2025-11-06T10:40:44","slug":"schriftliche-anfrage-naturschutzgebiet-lechaue-westlich-todtenweis-und-ffh-gebiet-lechauen-noerdlich-augsburg-ii","status":"publish","type":"post","link":"https:\/\/patrick-friedl.de\/wps\/2021\/05\/20\/schriftliche-anfrage-naturschutzgebiet-lechaue-westlich-todtenweis-und-ffh-gebiet-lechauen-noerdlich-augsburg-ii\/","title":{"rendered":"Schriftliche Anfrage: Naturschutzgebiet &#8222;Lechaue westlich Todtenweis&#8220; und FFH-Gebiet &#8222;Lechauen n\u00f6rdlich Augsburg&#8220; II"},"content":{"rendered":"\n<p>In dieser schriftlichen Anfrage wird die Staatsregierung zum Umgang mit Schwarzwild im Naturschutzgebiet \u201eLechaue westlich Todtenweis\u201c und im FFH-Gebiet \u201eLechauen n\u00f6rdlich Augsburg\u201c befragt. Im Fokus stehen die Anzahl und Menge der F\u00fctterungsstellen, die Einhaltung gesetzlicher Vorgaben sowie die Auswirkungen des aktuellen Schwarzwildbestands auf besonders gesch\u00fctzte, seltene oder bedrohte Arten. Au\u00dferdem wird der Einfluss des j\u00e4hrlich errichteten Zauns auf die Tiere und den Schutz des Frauenschuhs untersucht. Erg\u00e4nzend wird erfragt, welche Ma\u00dfnahmen gegen Wildschweinf\u00fctterungen umgesetzt wurden und warum die Regierung von Schwaben die Kartierung und den Managementplan des FFH-Gebiets \u00fcberarbeiten m\u00f6chte.<\/p>\n\n\n\n<p><a href=\"http:\/\/patrick-friedl.de\/wps\/wp-content\/uploads\/2025\/11\/18_0015973.pdf\">Die Antwort der Staatsregierung.<br><\/a><br><\/p>\n","protected":false},"excerpt":{"rendered":"<p>In dieser schriftlichen Anfrage wird die Staatsregierung zum Umgang mit Schwarzwild im Naturschutzgebiet \u201eLechaue westlich Todtenweis\u201c und im FFH-Gebiet \u201eLechauen n\u00f6rdlich Augsburg\u201c befragt. Im Fokus stehen die Anzahl und Menge [&hellip;]<\/p>\n","protected":false},"author":-1,"featured_media":0,"comment_status":"closed","ping_status":"closed","sticky":false,"template":"","format":"standard","meta":{"footnotes":""},"categories":[45,77],"tags":[],"class_list":["post-3147","post","type-post","status-publish","format-standard","hentry","category-anfragen-im-landtag-2","category-schriftliche-anfragen"],"_links":{"self":[{"href":"https:\/\/patrick-friedl.de\/wps\/wp-json\/wp\/v2\/posts\/3147","targetHints":{"allow":["GET"]}}],"collection":[{"href":"https:\/\/patrick-friedl.de\/wps\/wp-json\/wp\/v2\/posts"}],"about":[{"href":"https:\/\/patrick-friedl.de\/wps\/wp-json\/wp\/v2\/types\/post"}],"author":[{"embeddable":true,"href":"https:\/\/patrick-friedl.de\/wps\/wp-json\/wp\/v2\/users\/8"}],"replies":[{"embeddable":true,"href":"https:\/\/patrick-friedl.de\/wps\/wp-json\/wp\/v2\/comments?post=3147"}],"version-history":[{"count":1,"href":"https:\/\/patrick-friedl.de\/wps\/wp-json\/wp\/v2\/posts\/3147\/revisions"}],"predecessor-version":[{"id":3148,"href":"https:\/\/patrick-friedl.de\/wps\/wp-json\/wp\/v2\/posts\/3147\/revisions\/3148"}],"wp:attachment":[{"href":"https:\/\/patrick-friedl.de\/wps\/wp-json\/wp\/v2\/media?parent=3147"}],"wp:term":[{"taxonomy":"category","embeddable":true,"href":"https:\/\/patrick-friedl.de\/wps\/wp-json\/wp\/v2\/categories?post=3147"},{"taxonomy":"post_tag","embeddable":true,"href":"https:\/\/patrick-friedl.de\/wps\/wp-json\/wp\/v2\/tags?post=3147"}],"curies":[{"name":"wp","href":"https:\/\/api.w.org\/{rel}","templated":true}]}}