{"id":3145,"date":"2021-05-20T10:34:00","date_gmt":"2021-05-20T09:34:00","guid":{"rendered":"https:\/\/patrick-friedl.de\/wps\/?p=3145"},"modified":"2025-11-06T10:37:21","modified_gmt":"2025-11-06T10:37:21","slug":"schriftliche-anfrage-naturschutzgebiet-lechaue-westlich-todtenweis-und-ffh-gebiet-lechauen-noerdlich-augsburg-i","status":"publish","type":"post","link":"https:\/\/patrick-friedl.de\/wps\/2021\/05\/20\/schriftliche-anfrage-naturschutzgebiet-lechaue-westlich-todtenweis-und-ffh-gebiet-lechauen-noerdlich-augsburg-i\/","title":{"rendered":"Schriftliche Anfrage: Naturschutzgebiet &#8222;Lechaue westlich Todtenweis&#8220; und FFH-Gebiet &#8222;Lechauen n\u00f6rdlich Augsburg&#8220; I"},"content":{"rendered":"\n<p>Die Anfrage behandelt das Naturschutzgebiet \u201eLechaue westlich Todtenweis\u201c und das FFH-Gebiet \u201eLechauen n\u00f6rdlich Augsburg\u201c. Kernpunkte sind der j\u00e4hrlich errichtete Zaun zum Schutz landwirtschaftlicher Fl\u00e4chen vor Wildschweinen, die rechtlichen Grundlagen, die Genehmigungsbeh\u00f6rde, Gr\u00f6\u00dfe und Aufbau des Zauns sowie die Gew\u00e4hrleistung des Betretungsrechts. Au\u00dferdem geht es um den Schwarzwildbestand, seine Dichte, jagdliche Nutzung, erlegte Tiere, Entsorgung, Aufwandsentsch\u00e4digungen f\u00fcr Jagdp\u00e4chter und die Bedeutung des Bestands f\u00fcr die Afrikanische Schweinepest. Der Zaun und die Wildtiermanagementma\u00dfnahmen werden auf Vereinbarkeit mit den Naturschutz- und FFH-Zielen gepr\u00fcft.<\/p>\n\n\n\n<p><a href=\"http:\/\/patrick-friedl.de\/wps\/wp-content\/uploads\/2025\/11\/18_0015971.pdf\">Die Antwort der Staatsregierung.<\/a><\/p>\n","protected":false},"excerpt":{"rendered":"<p>Die Anfrage behandelt das Naturschutzgebiet \u201eLechaue westlich Todtenweis\u201c und das FFH-Gebiet \u201eLechauen n\u00f6rdlich Augsburg\u201c. Kernpunkte sind der j\u00e4hrlich errichtete Zaun zum Schutz landwirtschaftlicher Fl\u00e4chen vor Wildschweinen, die rechtlichen Grundlagen, die [&hellip;]<\/p>\n","protected":false},"author":-1,"featured_media":0,"comment_status":"closed","ping_status":"closed","sticky":false,"template":"","format":"standard","meta":{"footnotes":""},"categories":[45,77],"tags":[],"class_list":["post-3145","post","type-post","status-publish","format-standard","hentry","category-anfragen-im-landtag-2","category-schriftliche-anfragen"],"_links":{"self":[{"href":"https:\/\/patrick-friedl.de\/wps\/wp-json\/wp\/v2\/posts\/3145","targetHints":{"allow":["GET"]}}],"collection":[{"href":"https:\/\/patrick-friedl.de\/wps\/wp-json\/wp\/v2\/posts"}],"about":[{"href":"https:\/\/patrick-friedl.de\/wps\/wp-json\/wp\/v2\/types\/post"}],"author":[{"embeddable":true,"href":"https:\/\/patrick-friedl.de\/wps\/wp-json\/wp\/v2\/users\/8"}],"replies":[{"embeddable":true,"href":"https:\/\/patrick-friedl.de\/wps\/wp-json\/wp\/v2\/comments?post=3145"}],"version-history":[{"count":1,"href":"https:\/\/patrick-friedl.de\/wps\/wp-json\/wp\/v2\/posts\/3145\/revisions"}],"predecessor-version":[{"id":3146,"href":"https:\/\/patrick-friedl.de\/wps\/wp-json\/wp\/v2\/posts\/3145\/revisions\/3146"}],"wp:attachment":[{"href":"https:\/\/patrick-friedl.de\/wps\/wp-json\/wp\/v2\/media?parent=3145"}],"wp:term":[{"taxonomy":"category","embeddable":true,"href":"https:\/\/patrick-friedl.de\/wps\/wp-json\/wp\/v2\/categories?post=3145"},{"taxonomy":"post_tag","embeddable":true,"href":"https:\/\/patrick-friedl.de\/wps\/wp-json\/wp\/v2\/tags?post=3145"}],"curies":[{"name":"wp","href":"https:\/\/api.w.org\/{rel}","templated":true}]}}