{"id":313,"date":"2020-10-23T15:29:27","date_gmt":"2020-10-23T14:29:27","guid":{"rendered":"https:\/\/patrick-friedl.de\/wps\/2021\/04\/22\/schriftliche-anfrage-frauenhaeuser-in-unterfranken\/"},"modified":"2025-06-03T14:18:12","modified_gmt":"2025-06-03T13:18:12","slug":"schriftliche-anfrage-frauenhaeuser-in-unterfranken","status":"publish","type":"post","link":"https:\/\/patrick-friedl.de\/wps\/2020\/10\/23\/schriftliche-anfrage-frauenhaeuser-in-unterfranken\/","title":{"rendered":"Schriftliche Anfrage: Frauenh\u00e4user in Unterfranken"},"content":{"rendered":"<p>Meine Kolleginnen Kerstin Celina, G\u00fclseren Demirel, Eva Lettenbauer und ich befragten die Staatsregierung zu der aktuellen Situation der Frauenh\u00e4user in Unterfranken. Die Anfrage und Antwort der Staatsregierung finden Sie <a href=\"http:\/\/www1.bayern.landtag.de\/www\/ElanTextAblage_WP18\/Drucksachen\/Schriftliche%20Anfragen\/18_0010875.pdf\" target=\"_blank\" rel=\"noopener noreferrer\">hier<\/a>.<\/p>\n","protected":false},"excerpt":{"rendered":"<p>Meine Kolleginnen Kerstin Celina, G\u00fclseren Demirel, Eva Lettenbauer und ich befragten die Staatsregierung zu der aktuellen Situation der Frauenh\u00e4user in Unterfranken. Die Anfrage und Antwort der Staatsregierung finden Sie hier.<\/p>\n","protected":false},"author":-1,"featured_media":0,"comment_status":"closed","ping_status":"closed","sticky":false,"template":"","format":"standard","meta":{"footnotes":""},"categories":[45,77,83],"tags":[],"class_list":["post-313","post","type-post","status-publish","format-standard","hentry","category-anfragen-im-landtag-2","category-schriftliche-anfragen","category-staatliches-handeln-verwaltung-san"],"_links":{"self":[{"href":"https:\/\/patrick-friedl.de\/wps\/wp-json\/wp\/v2\/posts\/313","targetHints":{"allow":["GET"]}}],"collection":[{"href":"https:\/\/patrick-friedl.de\/wps\/wp-json\/wp\/v2\/posts"}],"about":[{"href":"https:\/\/patrick-friedl.de\/wps\/wp-json\/wp\/v2\/types\/post"}],"author":[{"embeddable":true,"href":"https:\/\/patrick-friedl.de\/wps\/wp-json\/wp\/v2\/users\/8"}],"replies":[{"embeddable":true,"href":"https:\/\/patrick-friedl.de\/wps\/wp-json\/wp\/v2\/comments?post=313"}],"version-history":[{"count":1,"href":"https:\/\/patrick-friedl.de\/wps\/wp-json\/wp\/v2\/posts\/313\/revisions"}],"predecessor-version":[{"id":1845,"href":"https:\/\/patrick-friedl.de\/wps\/wp-json\/wp\/v2\/posts\/313\/revisions\/1845"}],"wp:attachment":[{"href":"https:\/\/patrick-friedl.de\/wps\/wp-json\/wp\/v2\/media?parent=313"}],"wp:term":[{"taxonomy":"category","embeddable":true,"href":"https:\/\/patrick-friedl.de\/wps\/wp-json\/wp\/v2\/categories?post=313"},{"taxonomy":"post_tag","embeddable":true,"href":"https:\/\/patrick-friedl.de\/wps\/wp-json\/wp\/v2\/tags?post=313"}],"curies":[{"name":"wp","href":"https:\/\/api.w.org\/{rel}","templated":true}]}}