{"id":3129,"date":"2021-05-11T10:25:00","date_gmt":"2021-05-11T09:25:00","guid":{"rendered":"https:\/\/patrick-friedl.de\/wps\/?p=3129"},"modified":"2025-11-06T10:33:58","modified_gmt":"2025-11-06T10:33:58","slug":"schrftliche-anfrage-geplante-ortsumgehung-sulzbach-am-main-st-2309","status":"publish","type":"post","link":"https:\/\/patrick-friedl.de\/wps\/2021\/05\/11\/schrftliche-anfrage-geplante-ortsumgehung-sulzbach-am-main-st-2309\/","title":{"rendered":"Schrftliche Anfrage: Geplante Ortsumgehung Sulzbach am Main St 2309"},"content":{"rendered":"\n<p>In dieser schriftlichen Anfrage wird die Staatsregierung zur geplanten Ortsumgehung Sulzbach am Main (St 2309) befragt. Es geht um die Erhebung und Vergleichbarkeit von Verkehrszahlen (u.\u202fa. Gutachten 2015 vs. 2018, pandemiebedingte Verkehrs\u00e4nderungen), m\u00f6gliche Ma\u00dfnahmen zur inner\u00f6rtlichen Verkehrsberuhigung, Auswirkungen auf Radverkehr, Ziel- und Quellverkehr sowie inner\u00f6rtliche Durchschnittsgeschwindigkeit. Au\u00dferdem wird nach der Verbindung zwischen der Ortsumgehung und der Reaktivierung des Kreuzungsbahnhofs Sulzbach am Main, nach Umfeldplanung, Bahn\u00fcbergang und Ma\u00dfnahmen zur Verbesserung des Fu\u00dfverkehrs im Ortszentrum gefragt.<\/p>\n\n\n\n<p><a href=\"http:\/\/patrick-friedl.de\/wps\/wp-content\/uploads\/2025\/11\/18_0015765.pdf\">Die Antwort der Staatsregierung.<\/a><\/p>\n","protected":false},"excerpt":{"rendered":"<p>In dieser schriftlichen Anfrage wird die Staatsregierung zur geplanten Ortsumgehung Sulzbach am Main (St 2309) befragt. Es geht um die Erhebung und Vergleichbarkeit von Verkehrszahlen (u.\u202fa. Gutachten 2015 vs. 2018, [&hellip;]<\/p>\n","protected":false},"author":-1,"featured_media":0,"comment_status":"closed","ping_status":"closed","sticky":false,"template":"","format":"standard","meta":{"footnotes":""},"categories":[45,77],"tags":[],"class_list":["post-3129","post","type-post","status-publish","format-standard","hentry","category-anfragen-im-landtag-2","category-schriftliche-anfragen"],"_links":{"self":[{"href":"https:\/\/patrick-friedl.de\/wps\/wp-json\/wp\/v2\/posts\/3129","targetHints":{"allow":["GET"]}}],"collection":[{"href":"https:\/\/patrick-friedl.de\/wps\/wp-json\/wp\/v2\/posts"}],"about":[{"href":"https:\/\/patrick-friedl.de\/wps\/wp-json\/wp\/v2\/types\/post"}],"author":[{"embeddable":true,"href":"https:\/\/patrick-friedl.de\/wps\/wp-json\/wp\/v2\/users\/8"}],"replies":[{"embeddable":true,"href":"https:\/\/patrick-friedl.de\/wps\/wp-json\/wp\/v2\/comments?post=3129"}],"version-history":[{"count":1,"href":"https:\/\/patrick-friedl.de\/wps\/wp-json\/wp\/v2\/posts\/3129\/revisions"}],"predecessor-version":[{"id":3144,"href":"https:\/\/patrick-friedl.de\/wps\/wp-json\/wp\/v2\/posts\/3129\/revisions\/3144"}],"wp:attachment":[{"href":"https:\/\/patrick-friedl.de\/wps\/wp-json\/wp\/v2\/media?parent=3129"}],"wp:term":[{"taxonomy":"category","embeddable":true,"href":"https:\/\/patrick-friedl.de\/wps\/wp-json\/wp\/v2\/categories?post=3129"},{"taxonomy":"post_tag","embeddable":true,"href":"https:\/\/patrick-friedl.de\/wps\/wp-json\/wp\/v2\/tags?post=3129"}],"curies":[{"name":"wp","href":"https:\/\/api.w.org\/{rel}","templated":true}]}}