{"id":3127,"date":"2021-01-04T10:23:00","date_gmt":"2021-01-04T10:23:00","guid":{"rendered":"https:\/\/patrick-friedl.de\/wps\/?p=3127"},"modified":"2025-11-06T10:24:54","modified_gmt":"2025-11-06T10:24:54","slug":"schriftliche-anfrage-entwicklung-und-finanzierung-von-schneekanonen-und-skiliften-stand-2020","status":"publish","type":"post","link":"https:\/\/patrick-friedl.de\/wps\/2021\/01\/04\/schriftliche-anfrage-entwicklung-und-finanzierung-von-schneekanonen-und-skiliften-stand-2020\/","title":{"rendered":"Schriftliche Anfrage: Entwicklung und Finanzierung von Schneekanonen und Skiliften \u2013 Stand 2020"},"content":{"rendered":"\n<p>In dieser schriftlichen Anfrage wird die Staatsregierung zur Entwicklung und Finanzierung von Schneekanonen, Beschneiungsanlagen und Seilbahnen in Bayern (Stand 2009\u20132020) befragt. Gefordert werden Angaben zu eingereichten und bewilligten F\u00f6rderantr\u00e4gen sowie zu Investitionssummen und F\u00f6rdersummen (aufgeschl\u00fcsselt nach F\u00f6rderprogrammen, Regionen und Anlagenarten), zum Genehmigungsstand laufender Antr\u00e4ge, zu Errichtungskosten und Finanzierungsanteilen von Privaten, Kommunen, Freistaat, Bund und EU, zur Entwicklung der Zahl von Beschneiungsanlagen, Einzelbeschneiungsger\u00e4ten und k\u00fcnstlich beschneiter Fl\u00e4che (inkl. Verteilung auf Landkreise, Regierungsbezirke und Alpenplan-Schutzzonen), zu angelegten Speicherteichen (Volumen, R\u00fcckbauauflagen) sowie zum j\u00e4hrlichen Wasserverbrauch und Betriebszeitraum der Beschneiung.<\/p>\n\n\n\n<p><a href=\"http:\/\/patrick-friedl.de\/wps\/wp-content\/uploads\/2025\/11\/18_0012230.pdf\">Die Antwort der Staatsregierung.<\/a><\/p>\n","protected":false},"excerpt":{"rendered":"<p>In dieser schriftlichen Anfrage wird die Staatsregierung zur Entwicklung und Finanzierung von Schneekanonen, Beschneiungsanlagen und Seilbahnen in Bayern (Stand 2009\u20132020) befragt. Gefordert werden Angaben zu eingereichten und bewilligten F\u00f6rderantr\u00e4gen sowie [&hellip;]<\/p>\n","protected":false},"author":-1,"featured_media":0,"comment_status":"closed","ping_status":"closed","sticky":false,"template":"","format":"standard","meta":{"footnotes":""},"categories":[45,77],"tags":[],"class_list":["post-3127","post","type-post","status-publish","format-standard","hentry","category-anfragen-im-landtag-2","category-schriftliche-anfragen"],"_links":{"self":[{"href":"https:\/\/patrick-friedl.de\/wps\/wp-json\/wp\/v2\/posts\/3127","targetHints":{"allow":["GET"]}}],"collection":[{"href":"https:\/\/patrick-friedl.de\/wps\/wp-json\/wp\/v2\/posts"}],"about":[{"href":"https:\/\/patrick-friedl.de\/wps\/wp-json\/wp\/v2\/types\/post"}],"author":[{"embeddable":true,"href":"https:\/\/patrick-friedl.de\/wps\/wp-json\/wp\/v2\/users\/8"}],"replies":[{"embeddable":true,"href":"https:\/\/patrick-friedl.de\/wps\/wp-json\/wp\/v2\/comments?post=3127"}],"version-history":[{"count":1,"href":"https:\/\/patrick-friedl.de\/wps\/wp-json\/wp\/v2\/posts\/3127\/revisions"}],"predecessor-version":[{"id":3128,"href":"https:\/\/patrick-friedl.de\/wps\/wp-json\/wp\/v2\/posts\/3127\/revisions\/3128"}],"wp:attachment":[{"href":"https:\/\/patrick-friedl.de\/wps\/wp-json\/wp\/v2\/media?parent=3127"}],"wp:term":[{"taxonomy":"category","embeddable":true,"href":"https:\/\/patrick-friedl.de\/wps\/wp-json\/wp\/v2\/categories?post=3127"},{"taxonomy":"post_tag","embeddable":true,"href":"https:\/\/patrick-friedl.de\/wps\/wp-json\/wp\/v2\/tags?post=3127"}],"curies":[{"name":"wp","href":"https:\/\/api.w.org\/{rel}","templated":true}]}}