{"id":3123,"date":"2020-02-14T10:19:00","date_gmt":"2020-02-14T10:19:00","guid":{"rendered":"https:\/\/patrick-friedl.de\/wps\/?p=3123"},"modified":"2025-11-06T10:20:37","modified_gmt":"2025-11-06T10:20:37","slug":"schriftliche-anfrage-grundwasserentnahme-in-der-region-bergtheimer-mulde","status":"publish","type":"post","link":"https:\/\/patrick-friedl.de\/wps\/2020\/02\/14\/schriftliche-anfrage-grundwasserentnahme-in-der-region-bergtheimer-mulde\/","title":{"rendered":"Schriftliche Anfrage Grundwasserentnahme in der Region &#8222;Bergtheimer Mulde&#8220;"},"content":{"rendered":"\n<p>In dieser schriftlichen Anfrage wird die Staatsregierung zu Grundwasserentnahmen in der Region \u201eBergtheimer Mulde\u201c befragt. Gegenstand sind Anzahl und Genehmigungen der Entnahmestellen, Ausr\u00fcstung mit Messeinrichtungen sowie deren \u00dcberpr\u00fcfung, die Dokumentation und der Vergleich genehmigter vs. tats\u00e4chlich entnommener Mengen (je Gemarkung und Jahr der letzten zehn Jahre), festgestellte Verst\u00f6\u00dfe und eingeleitete Ma\u00dfnahmen sowie die rechtlichen Folgen bei \u00dcberschreitungen oder ungenehmigten Entnahmen. Au\u00dferdem wird nach der Ver\u00f6ffentlichung und dem Inhalt der angek\u00fcndigten Handlungsempfehlung f\u00fcr ein Niedrigwasser-Management zur Steuerung von Grundwasserentnahmen gefragt.<\/p>\n\n\n\n<p><a href=\"http:\/\/patrick-friedl.de\/wps\/wp-content\/uploads\/2025\/11\/18_0006526.pdf\">Die Antwort der Staatsregierung.<\/a><\/p>\n","protected":false},"excerpt":{"rendered":"<p>In dieser schriftlichen Anfrage wird die Staatsregierung zu Grundwasserentnahmen in der Region \u201eBergtheimer Mulde\u201c befragt. Gegenstand sind Anzahl und Genehmigungen der Entnahmestellen, Ausr\u00fcstung mit Messeinrichtungen sowie deren \u00dcberpr\u00fcfung, die Dokumentation [&hellip;]<\/p>\n","protected":false},"author":-1,"featured_media":0,"comment_status":"closed","ping_status":"closed","sticky":false,"template":"","format":"standard","meta":{"footnotes":""},"categories":[45,77],"tags":[],"class_list":["post-3123","post","type-post","status-publish","format-standard","hentry","category-anfragen-im-landtag-2","category-schriftliche-anfragen"],"_links":{"self":[{"href":"https:\/\/patrick-friedl.de\/wps\/wp-json\/wp\/v2\/posts\/3123","targetHints":{"allow":["GET"]}}],"collection":[{"href":"https:\/\/patrick-friedl.de\/wps\/wp-json\/wp\/v2\/posts"}],"about":[{"href":"https:\/\/patrick-friedl.de\/wps\/wp-json\/wp\/v2\/types\/post"}],"author":[{"embeddable":true,"href":"https:\/\/patrick-friedl.de\/wps\/wp-json\/wp\/v2\/users\/8"}],"replies":[{"embeddable":true,"href":"https:\/\/patrick-friedl.de\/wps\/wp-json\/wp\/v2\/comments?post=3123"}],"version-history":[{"count":1,"href":"https:\/\/patrick-friedl.de\/wps\/wp-json\/wp\/v2\/posts\/3123\/revisions"}],"predecessor-version":[{"id":3124,"href":"https:\/\/patrick-friedl.de\/wps\/wp-json\/wp\/v2\/posts\/3123\/revisions\/3124"}],"wp:attachment":[{"href":"https:\/\/patrick-friedl.de\/wps\/wp-json\/wp\/v2\/media?parent=3123"}],"wp:term":[{"taxonomy":"category","embeddable":true,"href":"https:\/\/patrick-friedl.de\/wps\/wp-json\/wp\/v2\/categories?post=3123"},{"taxonomy":"post_tag","embeddable":true,"href":"https:\/\/patrick-friedl.de\/wps\/wp-json\/wp\/v2\/tags?post=3123"}],"curies":[{"name":"wp","href":"https:\/\/api.w.org\/{rel}","templated":true}]}}