{"id":3121,"date":"2020-01-29T10:17:00","date_gmt":"2020-01-29T10:17:00","guid":{"rendered":"https:\/\/patrick-friedl.de\/wps\/?p=3121"},"modified":"2025-11-06T10:18:56","modified_gmt":"2025-11-06T10:18:56","slug":"schriftliche-anfrage-trinkwasserversorgung-in-unterfranken-ii","status":"publish","type":"post","link":"https:\/\/patrick-friedl.de\/wps\/2020\/01\/29\/schriftliche-anfrage-trinkwasserversorgung-in-unterfranken-ii\/","title":{"rendered":"Schriftliche Anfrage: Trinkwasserversorgung in Unterfranken II"},"content":{"rendered":"\n<p>Die schriftliche Anfrage kn\u00fcpft an die Antwort der Staatsregierung auf Drs. 18\/2779 an und fragt konkret nach St\u00f6rungen und Verkeimungen an Trinkwasserbrunnen in Unterfranken in den letzten f\u00fcnf Jahren (Ort, Zeitraum, Art der Probleme), nach Abkoch- und Chlorempfehlungen bzw. unbrauchbarem Trinkwasser, nach Schadstoff\u00fcberschreitungen \u00fcber Grenzwerte, nach den in Drs. 18\/2779 genannten Bilanzgebieten mit stark eingeschr\u00e4nkter Wasser\u00adversorgungs\u00adsicherheit (inkl. betroffene Landkreise\/Orte und Gr\u00fcnde), nach geplanten bzw. bereits umgesetzten Ma\u00dfnahmen zur Behebung dieser Unsicherheiten sowie nach dem Ver\u00f6ffentlichungszeitpunkt und der Form der Wasserversorgungsbilanz Unterfrankens f\u00fcr den Prognosehorizont 2035.<\/p>\n\n\n\n<p><a href=\"http:\/\/patrick-friedl.de\/wps\/wp-content\/uploads\/2025\/11\/18_0006075.pdf\">Die Antwort der Staatsregierung.<\/a><\/p>\n","protected":false},"excerpt":{"rendered":"<p>Die schriftliche Anfrage kn\u00fcpft an die Antwort der Staatsregierung auf Drs. 18\/2779 an und fragt konkret nach St\u00f6rungen und Verkeimungen an Trinkwasserbrunnen in Unterfranken in den letzten f\u00fcnf Jahren (Ort, [&hellip;]<\/p>\n","protected":false},"author":-1,"featured_media":0,"comment_status":"closed","ping_status":"closed","sticky":false,"template":"","format":"standard","meta":{"footnotes":""},"categories":[45,77],"tags":[],"class_list":["post-3121","post","type-post","status-publish","format-standard","hentry","category-anfragen-im-landtag-2","category-schriftliche-anfragen"],"_links":{"self":[{"href":"https:\/\/patrick-friedl.de\/wps\/wp-json\/wp\/v2\/posts\/3121","targetHints":{"allow":["GET"]}}],"collection":[{"href":"https:\/\/patrick-friedl.de\/wps\/wp-json\/wp\/v2\/posts"}],"about":[{"href":"https:\/\/patrick-friedl.de\/wps\/wp-json\/wp\/v2\/types\/post"}],"author":[{"embeddable":true,"href":"https:\/\/patrick-friedl.de\/wps\/wp-json\/wp\/v2\/users\/8"}],"replies":[{"embeddable":true,"href":"https:\/\/patrick-friedl.de\/wps\/wp-json\/wp\/v2\/comments?post=3121"}],"version-history":[{"count":1,"href":"https:\/\/patrick-friedl.de\/wps\/wp-json\/wp\/v2\/posts\/3121\/revisions"}],"predecessor-version":[{"id":3122,"href":"https:\/\/patrick-friedl.de\/wps\/wp-json\/wp\/v2\/posts\/3121\/revisions\/3122"}],"wp:attachment":[{"href":"https:\/\/patrick-friedl.de\/wps\/wp-json\/wp\/v2\/media?parent=3121"}],"wp:term":[{"taxonomy":"category","embeddable":true,"href":"https:\/\/patrick-friedl.de\/wps\/wp-json\/wp\/v2\/categories?post=3121"},{"taxonomy":"post_tag","embeddable":true,"href":"https:\/\/patrick-friedl.de\/wps\/wp-json\/wp\/v2\/tags?post=3121"}],"curies":[{"name":"wp","href":"https:\/\/api.w.org\/{rel}","templated":true}]}}