{"id":3119,"date":"2020-01-07T10:15:00","date_gmt":"2020-01-07T10:15:00","guid":{"rendered":"https:\/\/patrick-friedl.de\/wps\/?p=3119"},"modified":"2025-11-06T10:17:00","modified_gmt":"2025-11-06T10:17:00","slug":"schriftliche-anfrage-finanzierungshilfen-fuer-umweltbildung","status":"publish","type":"post","link":"https:\/\/patrick-friedl.de\/wps\/2020\/01\/07\/schriftliche-anfrage-finanzierungshilfen-fuer-umweltbildung\/","title":{"rendered":"Schriftliche Anfrage: Finanzierungshilfen f\u00fcr Umweltbildung"},"content":{"rendered":"\n<p>In dieser schriftlichen Anfrage wird die Staatsregierung zur Finanzierung und Umsetzung von Umweltbildung in Bayern befragt. Konkret geht es um die Auswertung des ANU-F\u00f6rderprogramms \u201eWeltaktionsprogramm als Chance: Bildung f\u00fcr nachhaltige Entwicklung trifft Jugendsozialarbeit\u201c (Annahme, Antragstellende, Bewilligungen und Auszahlungen), die Einbindung von Umweltbildung in Lehrpl\u00e4ne (nach Schularten), M\u00f6glichkeiten au\u00dferunterrichtlicher Umweltbildungsangebote (z. B. Umweltstationen, Biotoppatenschaften, gartenp\u00e4dagogische Projekte), verf\u00fcgbare F\u00f6rdermittel au\u00dferhalb schulischer Budgets (H\u00f6he, Zweck, Voraussetzungen), beteiligte Ministerien und zust\u00e4ndige Haushaltstitel (inkl. Summen f\u00fcr 2019\/2020) sowie das Verfahren zur Beantragung und die Antragsberechtigten.<\/p>\n\n\n\n<p><a href=\"http:\/\/patrick-friedl.de\/wps\/wp-content\/uploads\/2025\/11\/18_0005582.pdf\">Die Antwort der Staatsregierung.<\/a><\/p>\n","protected":false},"excerpt":{"rendered":"<p>In dieser schriftlichen Anfrage wird die Staatsregierung zur Finanzierung und Umsetzung von Umweltbildung in Bayern befragt. Konkret geht es um die Auswertung des ANU-F\u00f6rderprogramms \u201eWeltaktionsprogramm als Chance: Bildung f\u00fcr nachhaltige [&hellip;]<\/p>\n","protected":false},"author":-1,"featured_media":0,"comment_status":"closed","ping_status":"closed","sticky":false,"template":"","format":"standard","meta":{"footnotes":""},"categories":[45,77],"tags":[],"class_list":["post-3119","post","type-post","status-publish","format-standard","hentry","category-anfragen-im-landtag-2","category-schriftliche-anfragen"],"_links":{"self":[{"href":"https:\/\/patrick-friedl.de\/wps\/wp-json\/wp\/v2\/posts\/3119","targetHints":{"allow":["GET"]}}],"collection":[{"href":"https:\/\/patrick-friedl.de\/wps\/wp-json\/wp\/v2\/posts"}],"about":[{"href":"https:\/\/patrick-friedl.de\/wps\/wp-json\/wp\/v2\/types\/post"}],"author":[{"embeddable":true,"href":"https:\/\/patrick-friedl.de\/wps\/wp-json\/wp\/v2\/users\/8"}],"replies":[{"embeddable":true,"href":"https:\/\/patrick-friedl.de\/wps\/wp-json\/wp\/v2\/comments?post=3119"}],"version-history":[{"count":1,"href":"https:\/\/patrick-friedl.de\/wps\/wp-json\/wp\/v2\/posts\/3119\/revisions"}],"predecessor-version":[{"id":3120,"href":"https:\/\/patrick-friedl.de\/wps\/wp-json\/wp\/v2\/posts\/3119\/revisions\/3120"}],"wp:attachment":[{"href":"https:\/\/patrick-friedl.de\/wps\/wp-json\/wp\/v2\/media?parent=3119"}],"wp:term":[{"taxonomy":"category","embeddable":true,"href":"https:\/\/patrick-friedl.de\/wps\/wp-json\/wp\/v2\/categories?post=3119"},{"taxonomy":"post_tag","embeddable":true,"href":"https:\/\/patrick-friedl.de\/wps\/wp-json\/wp\/v2\/tags?post=3119"}],"curies":[{"name":"wp","href":"https:\/\/api.w.org\/{rel}","templated":true}]}}