{"id":3117,"date":"2020-01-07T10:13:00","date_gmt":"2020-01-07T10:13:00","guid":{"rendered":"https:\/\/patrick-friedl.de\/wps\/?p=3117"},"modified":"2025-11-06T10:15:27","modified_gmt":"2025-11-06T10:15:27","slug":"schriftliche-anfrage-emissionen-der-zementindustrie","status":"publish","type":"post","link":"https:\/\/patrick-friedl.de\/wps\/2020\/01\/07\/schriftliche-anfrage-emissionen-der-zementindustrie\/","title":{"rendered":"Schriftliche Anfrage: Emissionen der Zementindustrie"},"content":{"rendered":"\n<p>In dieser schriftlichen Anfrage wird die Staatsregierung zu den Emissionen der Zementindustrie in Bayern befragt. Im Mittelpunkt stehen die Produktionsstandorte, die Menge und Art der ausgesto\u00dfenen Schadstoffe sowie m\u00f6gliche Ausnahmegenehmigungen nach dem Bundesimmissionsschutzgesetz. Dar\u00fcber hinaus werden Fragen zu den eingesetzten Abluftreinigungstechniken, zur Forschung an emissions\u00e4rmeren Verfahren und zu den Auswirkungen verschiedener Ersatzbrennstoffe gestellt. Ziel ist es, Transparenz \u00fcber die Klimabilanz und Umweltauswirkungen der bayerischen Zementindustrie zu schaffen sowie aktuelle Ma\u00dfnahmen zur Reduktion von Treibhausgasen und Schadstoffen zu bewerten.<\/p>\n\n\n\n<p><a href=\"http:\/\/patrick-friedl.de\/wps\/wp-content\/uploads\/2025\/11\/18_0005581.pdf\">Die Antwort der Staatsregierung.<\/a><\/p>\n\n\n\n<p><\/p>\n","protected":false},"excerpt":{"rendered":"<p>In dieser schriftlichen Anfrage wird die Staatsregierung zu den Emissionen der Zementindustrie in Bayern befragt. Im Mittelpunkt stehen die Produktionsstandorte, die Menge und Art der ausgesto\u00dfenen Schadstoffe sowie m\u00f6gliche Ausnahmegenehmigungen [&hellip;]<\/p>\n","protected":false},"author":-1,"featured_media":0,"comment_status":"closed","ping_status":"closed","sticky":false,"template":"","format":"standard","meta":{"footnotes":""},"categories":[45,77],"tags":[],"class_list":["post-3117","post","type-post","status-publish","format-standard","hentry","category-anfragen-im-landtag-2","category-schriftliche-anfragen"],"_links":{"self":[{"href":"https:\/\/patrick-friedl.de\/wps\/wp-json\/wp\/v2\/posts\/3117","targetHints":{"allow":["GET"]}}],"collection":[{"href":"https:\/\/patrick-friedl.de\/wps\/wp-json\/wp\/v2\/posts"}],"about":[{"href":"https:\/\/patrick-friedl.de\/wps\/wp-json\/wp\/v2\/types\/post"}],"author":[{"embeddable":true,"href":"https:\/\/patrick-friedl.de\/wps\/wp-json\/wp\/v2\/users\/8"}],"replies":[{"embeddable":true,"href":"https:\/\/patrick-friedl.de\/wps\/wp-json\/wp\/v2\/comments?post=3117"}],"version-history":[{"count":1,"href":"https:\/\/patrick-friedl.de\/wps\/wp-json\/wp\/v2\/posts\/3117\/revisions"}],"predecessor-version":[{"id":3118,"href":"https:\/\/patrick-friedl.de\/wps\/wp-json\/wp\/v2\/posts\/3117\/revisions\/3118"}],"wp:attachment":[{"href":"https:\/\/patrick-friedl.de\/wps\/wp-json\/wp\/v2\/media?parent=3117"}],"wp:term":[{"taxonomy":"category","embeddable":true,"href":"https:\/\/patrick-friedl.de\/wps\/wp-json\/wp\/v2\/categories?post=3117"},{"taxonomy":"post_tag","embeddable":true,"href":"https:\/\/patrick-friedl.de\/wps\/wp-json\/wp\/v2\/tags?post=3117"}],"curies":[{"name":"wp","href":"https:\/\/api.w.org\/{rel}","templated":true}]}}