{"id":311,"date":"2020-10-28T15:19:04","date_gmt":"2020-10-28T15:19:04","guid":{"rendered":"https:\/\/patrick-friedl.de\/wps\/2021\/04\/22\/schriftliche-anfrage-waldentwicklung-in-nordbayern\/"},"modified":"2025-06-03T14:21:33","modified_gmt":"2025-06-03T13:21:33","slug":"schriftliche-anfrage-waldentwicklung-in-nordbayern","status":"publish","type":"post","link":"https:\/\/patrick-friedl.de\/wps\/2020\/10\/28\/schriftliche-anfrage-waldentwicklung-in-nordbayern\/","title":{"rendered":"Schriftliche Anfrage: Waldentwicklung in Nordbayern"},"content":{"rendered":"<p>Mehrere Hitzesommer in Folge und die damit sichtbaren Ver\u00e4nderungen in unseren Waldbildern machen die Folgen der Klimaerw\u00e4rmung mehr als deutlich. Der Einfluss des Menschen f\u00fchrt gerade zu starken Ver\u00e4nderungen der Klimabedingungen, die sowohl die W\u00e4lder als auch deren Waldbesitzer \u00fcberfordern. Der weltweite Artenverlust ist hier ebenso alarmierend wie der anthropogen verursachte Klimawandel. Und vor allem Franken wird ein Klimahotspot. Die H\u00e4ufung der Klimaextreme in den letzten Jahren f\u00fchrte unter anderem zu massivem Wassermangel, unter dem die B\u00e4ume stark leiden. Neben Wachstumseinbr\u00fcchen haben auch diverse Sch\u00e4dlinge wie der Borkenk\u00e4fer leichtes Spiel. Die zunehmenden Schadholzmengen bei der Fichte zeigen, dass die Forstwirtschaft an einem Scheideweg. Vor diesem Hintergrund befragte ich mit meinen Kolleg*innen Kerstin Celina, Paul Knoblauch, Martin St\u00fcmpfig, Ursula Sowa und Christian Hierneis die Staatsregierung. Die Anfrage und die und Antwort der Staatsregierung finden Sie <a href=\"http:\/\/www1.bayern.landtag.de\/www\/ElanTextAblage_WP18\/Drucksachen\/Schriftliche%20Anfragen\/18_0010936.pdf\" target=\"_blank\" rel=\"noopener noreferrer\">hier<\/a>.<\/p>\n","protected":false},"excerpt":{"rendered":"<p>Mehrere Hitzesommer in Folge und die damit sichtbaren Ver\u00e4nderungen in unseren Waldbildern machen die Folgen der Klimaerw\u00e4rmung mehr als deutlich. Der Einfluss des Menschen f\u00fchrt gerade zu starken Ver\u00e4nderungen der [&hellip;]<\/p>\n","protected":false},"author":-1,"featured_media":0,"comment_status":"closed","ping_status":"closed","sticky":false,"template":"","format":"standard","meta":{"footnotes":""},"categories":[82,45,77],"tags":[],"class_list":["post-311","post","type-post","status-publish","format-standard","hentry","category-landwirtschaft-flaechennutzung-san","category-anfragen-im-landtag-2","category-schriftliche-anfragen"],"_links":{"self":[{"href":"https:\/\/patrick-friedl.de\/wps\/wp-json\/wp\/v2\/posts\/311","targetHints":{"allow":["GET"]}}],"collection":[{"href":"https:\/\/patrick-friedl.de\/wps\/wp-json\/wp\/v2\/posts"}],"about":[{"href":"https:\/\/patrick-friedl.de\/wps\/wp-json\/wp\/v2\/types\/post"}],"author":[{"embeddable":true,"href":"https:\/\/patrick-friedl.de\/wps\/wp-json\/wp\/v2\/users\/8"}],"replies":[{"embeddable":true,"href":"https:\/\/patrick-friedl.de\/wps\/wp-json\/wp\/v2\/comments?post=311"}],"version-history":[{"count":1,"href":"https:\/\/patrick-friedl.de\/wps\/wp-json\/wp\/v2\/posts\/311\/revisions"}],"predecessor-version":[{"id":1843,"href":"https:\/\/patrick-friedl.de\/wps\/wp-json\/wp\/v2\/posts\/311\/revisions\/1843"}],"wp:attachment":[{"href":"https:\/\/patrick-friedl.de\/wps\/wp-json\/wp\/v2\/media?parent=311"}],"wp:term":[{"taxonomy":"category","embeddable":true,"href":"https:\/\/patrick-friedl.de\/wps\/wp-json\/wp\/v2\/categories?post=311"},{"taxonomy":"post_tag","embeddable":true,"href":"https:\/\/patrick-friedl.de\/wps\/wp-json\/wp\/v2\/tags?post=311"}],"curies":[{"name":"wp","href":"https:\/\/api.w.org\/{rel}","templated":true}]}}