{"id":3095,"date":"2019-11-15T15:31:00","date_gmt":"2019-11-15T15:31:00","guid":{"rendered":"https:\/\/patrick-friedl.de\/wps\/?p=3095"},"modified":"2025-11-05T15:33:00","modified_gmt":"2025-11-05T15:33:00","slug":"schriftliche-anfrage-moore-und-moorrenaturierung-in-mittelfranken","status":"publish","type":"post","link":"https:\/\/patrick-friedl.de\/wps\/2019\/11\/15\/schriftliche-anfrage-moore-und-moorrenaturierung-in-mittelfranken\/","title":{"rendered":"Schriftliche Anfrage: Moore und Moorrenaturierung in Mittelfranken"},"content":{"rendered":"\n<p>Die schriftliche Anfrage befasst sich mit der Situation von Hoch- und Niedermooren in Mittelfranken sowie der Umsetzung von Renaturierungsma\u00dfnahmen zum Klima- und Naturschutz. Die zentralen Punkte der Anfrage umfassen:<\/p>\n\n\n\n<ul class=\"wp-block-list\">\n<li>Anzahl und Fl\u00e4che der Hochmoore und Niedermoore in den einzelnen Landkreisen Mittelfrankens.<\/li>\n\n\n\n<li>Empfehlungen zur Wiedervern\u00e4ssung von Hoch- und Niedermooren aus Klimaschutz- oder Biodiversit\u00e4tsgr\u00fcnden, aufgeschl\u00fcsselt nach Landkreisen, Fl\u00e4chen und Anzahl der Moore.<\/li>\n\n\n\n<li>Umsetzung der Wiedervern\u00e4ssung im Rahmen staatlicher Klima- oder Naturschutzprogramme, nach Landkreisen und nach Fl\u00e4che bzw. Anzahl der Moore.<\/li>\n\n\n\n<li>Empfehlungen zur Wiedervern\u00e4ssung innerhalb von Fauna-Flora-Habitat-Gebieten (FFH-Gebieten) in Mittelfranken.<\/li>\n\n\n\n<li>Finanzielle Mittel der letzten f\u00fcnf Jahre f\u00fcr die Renaturierung von Hoch- und Niedermooren sowie f\u00fcr begleitende Untersuchungen, getrennt nach Landes-, Bundes- und EU-F\u00f6rdermitteln.<\/li>\n<\/ul>\n\n\n\n<p><a href=\"http:\/\/patrick-friedl.de\/wps\/wp-content\/uploads\/2025\/11\/18_0004828.pdf\">Die Antwort der Staatsregierung. <\/a><\/p>\n","protected":false},"excerpt":{"rendered":"<p>Die schriftliche Anfrage befasst sich mit der Situation von Hoch- und Niedermooren in Mittelfranken sowie der Umsetzung von Renaturierungsma\u00dfnahmen zum Klima- und Naturschutz. Die zentralen Punkte der Anfrage umfassen: Die [&hellip;]<\/p>\n","protected":false},"author":-1,"featured_media":0,"comment_status":"closed","ping_status":"closed","sticky":false,"template":"","format":"standard","meta":{"footnotes":""},"categories":[45,77],"tags":[],"class_list":["post-3095","post","type-post","status-publish","format-standard","hentry","category-anfragen-im-landtag-2","category-schriftliche-anfragen"],"_links":{"self":[{"href":"https:\/\/patrick-friedl.de\/wps\/wp-json\/wp\/v2\/posts\/3095","targetHints":{"allow":["GET"]}}],"collection":[{"href":"https:\/\/patrick-friedl.de\/wps\/wp-json\/wp\/v2\/posts"}],"about":[{"href":"https:\/\/patrick-friedl.de\/wps\/wp-json\/wp\/v2\/types\/post"}],"author":[{"embeddable":true,"href":"https:\/\/patrick-friedl.de\/wps\/wp-json\/wp\/v2\/users\/8"}],"replies":[{"embeddable":true,"href":"https:\/\/patrick-friedl.de\/wps\/wp-json\/wp\/v2\/comments?post=3095"}],"version-history":[{"count":1,"href":"https:\/\/patrick-friedl.de\/wps\/wp-json\/wp\/v2\/posts\/3095\/revisions"}],"predecessor-version":[{"id":3096,"href":"https:\/\/patrick-friedl.de\/wps\/wp-json\/wp\/v2\/posts\/3095\/revisions\/3096"}],"wp:attachment":[{"href":"https:\/\/patrick-friedl.de\/wps\/wp-json\/wp\/v2\/media?parent=3095"}],"wp:term":[{"taxonomy":"category","embeddable":true,"href":"https:\/\/patrick-friedl.de\/wps\/wp-json\/wp\/v2\/categories?post=3095"},{"taxonomy":"post_tag","embeddable":true,"href":"https:\/\/patrick-friedl.de\/wps\/wp-json\/wp\/v2\/tags?post=3095"}],"curies":[{"name":"wp","href":"https:\/\/api.w.org\/{rel}","templated":true}]}}