{"id":3074,"date":"2019-07-11T15:12:00","date_gmt":"2019-07-11T14:12:00","guid":{"rendered":"https:\/\/patrick-friedl.de\/wps\/?p=3074"},"modified":"2025-11-05T15:13:11","modified_gmt":"2025-11-05T15:13:11","slug":"schriftliche-anfrage-meldung-von-naturschutzfachlichen-ausgleichs-und-ersatzflaechen-an-das-oekoflaechenkataster","status":"publish","type":"post","link":"https:\/\/patrick-friedl.de\/wps\/2019\/07\/11\/schriftliche-anfrage-meldung-von-naturschutzfachlichen-ausgleichs-und-ersatzflaechen-an-das-oekoflaechenkataster\/","title":{"rendered":"Schriftliche Anfrage: Meldung von naturschutzfachlichen Ausgleichs- und Ersatzfl\u00e4chen an das \u00d6kofl\u00e4chenkataster"},"content":{"rendered":"\n<p>Die schriftliche Anfrage richtet sich an die Staatsregierung zur Meldung, Kontrolle und Entwicklung von Ausgleichs- und Ersatzfl\u00e4chen im \u00d6kofl\u00e4chenkataster. Hintergrund ist, dass Studien in Bayern, etwa in den Landkreisen Passau und Ebersberg, Defizite bei der Umsetzung und Meldung von Ausgleichsma\u00dfnahmen aufgezeigt haben.<\/p>\n\n\n\n<p>Die Anfrage umfasst unter anderem:<\/p>\n\n\n\n<ul class=\"wp-block-list\">\n<li>Bestehende Pflichten und Ausnahmen f\u00fcr die Meldung von Ausgleichs- und Ersatzfl\u00e4chen an das Landesamt f\u00fcr Umwelt.<\/li>\n\n\n\n<li>Zust\u00e4ndigkeiten der Beh\u00f6rden f\u00fcr Meldung und Kontrolle sowie Sanktionsm\u00f6glichkeiten bei Nichtmeldung.<\/li>\n\n\n\n<li>Meldedefizite einzelner Landkreise und kreisfreier St\u00e4dte in den Jahren 2015 bis 2018 und m\u00f6gliche Ma\u00dfnahmen zur Verbesserung der Meldebereitschaft.<\/li>\n\n\n\n<li>Fortschritte bei staatlichen Beh\u00f6rden und Verbesserungen der Kontrollen nach Studien in Passau und Ebersberg.<\/li>\n\n\n\n<li>Entwicklung des Zuwachses von Ausgleichs- und Ersatzfl\u00e4chen und \u00d6kokontofl\u00e4chen in Relation zum Fl\u00e4chenverbrauch in den letzten f\u00fcnf Jahren.<\/li>\n\n\n\n<li>Daten zur Nutzung von Ausgleichsfl\u00e4chen f\u00fcr gesetzlich gesch\u00fctzte Biotope oder f\u00fcr neue Bauma\u00dfnahmen.<\/li>\n<\/ul>\n\n\n\n<p>Die Anfrage zielt darauf ab, Transparenz \u00fcber die Umsetzung naturschutzrechtlicher Ausgleichs- und Ersatzma\u00dfnahmen zu schaffen und den Handlungsbedarf bei Meldung und Kontrolle aufzuzeigen.<\/p>\n\n\n\n<p><a href=\"http:\/\/patrick-friedl.de\/wps\/wp-content\/uploads\/2025\/11\/18_0003050.pdf\"><strong>Die Antwort der Staatsregierung<\/strong>.<\/a><\/p>\n","protected":false},"excerpt":{"rendered":"<p>Die schriftliche Anfrage richtet sich an die Staatsregierung zur Meldung, Kontrolle und Entwicklung von Ausgleichs- und Ersatzfl\u00e4chen im \u00d6kofl\u00e4chenkataster. Hintergrund ist, dass Studien in Bayern, etwa in den Landkreisen Passau [&hellip;]<\/p>\n","protected":false},"author":-1,"featured_media":0,"comment_status":"closed","ping_status":"closed","sticky":false,"template":"","format":"standard","meta":{"footnotes":""},"categories":[45,77],"tags":[],"class_list":["post-3074","post","type-post","status-publish","format-standard","hentry","category-anfragen-im-landtag-2","category-schriftliche-anfragen"],"_links":{"self":[{"href":"https:\/\/patrick-friedl.de\/wps\/wp-json\/wp\/v2\/posts\/3074","targetHints":{"allow":["GET"]}}],"collection":[{"href":"https:\/\/patrick-friedl.de\/wps\/wp-json\/wp\/v2\/posts"}],"about":[{"href":"https:\/\/patrick-friedl.de\/wps\/wp-json\/wp\/v2\/types\/post"}],"author":[{"embeddable":true,"href":"https:\/\/patrick-friedl.de\/wps\/wp-json\/wp\/v2\/users\/8"}],"replies":[{"embeddable":true,"href":"https:\/\/patrick-friedl.de\/wps\/wp-json\/wp\/v2\/comments?post=3074"}],"version-history":[{"count":1,"href":"https:\/\/patrick-friedl.de\/wps\/wp-json\/wp\/v2\/posts\/3074\/revisions"}],"predecessor-version":[{"id":3075,"href":"https:\/\/patrick-friedl.de\/wps\/wp-json\/wp\/v2\/posts\/3074\/revisions\/3075"}],"wp:attachment":[{"href":"https:\/\/patrick-friedl.de\/wps\/wp-json\/wp\/v2\/media?parent=3074"}],"wp:term":[{"taxonomy":"category","embeddable":true,"href":"https:\/\/patrick-friedl.de\/wps\/wp-json\/wp\/v2\/categories?post=3074"},{"taxonomy":"post_tag","embeddable":true,"href":"https:\/\/patrick-friedl.de\/wps\/wp-json\/wp\/v2\/tags?post=3074"}],"curies":[{"name":"wp","href":"https:\/\/api.w.org\/{rel}","templated":true}]}}