{"id":3071,"date":"2019-06-25T15:06:00","date_gmt":"2019-06-25T14:06:00","guid":{"rendered":"https:\/\/patrick-friedl.de\/wps\/?p=3071"},"modified":"2025-11-05T15:07:30","modified_gmt":"2025-11-05T15:07:30","slug":"schriftliche-anfrage-trinkwasser-in-unterfranken","status":"publish","type":"post","link":"https:\/\/patrick-friedl.de\/wps\/2019\/06\/25\/schriftliche-anfrage-trinkwasser-in-unterfranken\/","title":{"rendered":"Schriftliche Anfrage: Trinkwasser in Unterfranken"},"content":{"rendered":"\n<p>Die schriftliche Anfrage richtet sich an die Staatsregierung zu Problemen und Ma\u00dfnahmen im Bereich der Trinkwasserversorgung in Unterfranken, insbesondere vor dem Hintergrund der extremen Trockenheit im vergangenen Sommer.<\/p>\n\n\n\n<p>Thematisiert werden unter anderem:<\/p>\n\n\n\n<ul class=\"wp-block-list\">\n<li>St\u00f6rungen und Qualit\u00e4tsprobleme von Trinkwasserbrunnen in den letzten f\u00fcnf Jahren, inklusive Ort, Dauer und Art der Probleme.<\/li>\n\n\n\n<li>Verkeimungen, Abkochanordnungen, Chlorungen oder Ausf\u00e4lle der Trinkwasserversorgung, aufgeschl\u00fcsselt nach Brunnen und Kommunen.<\/li>\n\n\n\n<li>Schadstoffbelastungen oberhalb der Grenzwerte und bauliche M\u00e4ngel an Brunnen, inklusive Sanierungsstand und Zeitpl\u00e4nen.<\/li>\n\n\n\n<li>Alter der Trinkwasserbrunnen, letzte Sanierungen und k\u00fcnftiger Sanierungsbedarf in den n\u00e4chsten f\u00fcnf Jahren.<\/li>\n\n\n\n<li>Pr\u00e4ventive Ma\u00dfnahmen der Staatsregierung zur Sicherstellung der Trinkwasserversorgung auch in regenarmen Perioden.<\/li>\n<\/ul>\n\n\n\n<p>Die Anfrage zielt darauf ab, Transparenz \u00fcber die Trinkwasserqualit\u00e4t, die Infrastruktur und die pr\u00e4ventiven Strategien in Unterfranken zu schaffen.<\/p>\n\n\n\n<p><a href=\"http:\/\/patrick-friedl.de\/wps\/wp-content\/uploads\/2025\/11\/18_0002779.pdf\"><strong>Die Antwort der Staatsregierung<\/strong>.<\/a><\/p>\n","protected":false},"excerpt":{"rendered":"<p>Die schriftliche Anfrage richtet sich an die Staatsregierung zu Problemen und Ma\u00dfnahmen im Bereich der Trinkwasserversorgung in Unterfranken, insbesondere vor dem Hintergrund der extremen Trockenheit im vergangenen Sommer. Thematisiert werden [&hellip;]<\/p>\n","protected":false},"author":-1,"featured_media":0,"comment_status":"closed","ping_status":"closed","sticky":false,"template":"","format":"standard","meta":{"footnotes":""},"categories":[45,77],"tags":[],"class_list":["post-3071","post","type-post","status-publish","format-standard","hentry","category-anfragen-im-landtag-2","category-schriftliche-anfragen"],"_links":{"self":[{"href":"https:\/\/patrick-friedl.de\/wps\/wp-json\/wp\/v2\/posts\/3071","targetHints":{"allow":["GET"]}}],"collection":[{"href":"https:\/\/patrick-friedl.de\/wps\/wp-json\/wp\/v2\/posts"}],"about":[{"href":"https:\/\/patrick-friedl.de\/wps\/wp-json\/wp\/v2\/types\/post"}],"author":[{"embeddable":true,"href":"https:\/\/patrick-friedl.de\/wps\/wp-json\/wp\/v2\/users\/8"}],"replies":[{"embeddable":true,"href":"https:\/\/patrick-friedl.de\/wps\/wp-json\/wp\/v2\/comments?post=3071"}],"version-history":[{"count":1,"href":"https:\/\/patrick-friedl.de\/wps\/wp-json\/wp\/v2\/posts\/3071\/revisions"}],"predecessor-version":[{"id":3073,"href":"https:\/\/patrick-friedl.de\/wps\/wp-json\/wp\/v2\/posts\/3071\/revisions\/3073"}],"wp:attachment":[{"href":"https:\/\/patrick-friedl.de\/wps\/wp-json\/wp\/v2\/media?parent=3071"}],"wp:term":[{"taxonomy":"category","embeddable":true,"href":"https:\/\/patrick-friedl.de\/wps\/wp-json\/wp\/v2\/categories?post=3071"},{"taxonomy":"post_tag","embeddable":true,"href":"https:\/\/patrick-friedl.de\/wps\/wp-json\/wp\/v2\/tags?post=3071"}],"curies":[{"name":"wp","href":"https:\/\/api.w.org\/{rel}","templated":true}]}}