{"id":307,"date":"2020-12-18T00:00:00","date_gmt":"2020-12-18T00:00:00","guid":{"rendered":"https:\/\/patrick-friedl.de\/wps\/2020\/12\/18\/schriftliche-anfrage-pestizideinsatz-und-gesetzlich-geschuetzte-biotope-in-bayerischen-waeldern\/"},"modified":"2025-06-03T14:21:33","modified_gmt":"2025-06-03T13:21:33","slug":"schriftliche-anfrage-pestizideinsatz-und-gesetzlich-geschuetzte-biotope-in-bayerischen-waeldern","status":"publish","type":"post","link":"https:\/\/patrick-friedl.de\/wps\/2020\/12\/18\/schriftliche-anfrage-pestizideinsatz-und-gesetzlich-geschuetzte-biotope-in-bayerischen-waeldern\/","title":{"rendered":"Schriftliche Anfrage: Pestizideinsatz und gesetzlich gesch\u00fctzte Biotope in bayerischen W\u00e4ldern"},"content":{"rendered":"<p><span style=\"font-size: 10pt;\"><span dir=\"ltr\" style=\"left: 172.678px; top: 410.691px; transform: scaleX(0.953617);\">Mit der Annahme des Volksbegehrens \u201eRettet die Artenvielfalt\u201c wurde in das Bayeri<\/span><span dir=\"ltr\" style=\"left: 788.911px; top: 410.691px;\">&#8211;<\/span><span dir=\"ltr\" style=\"left: 172.678px; top: 428.56px; transform: scaleX(0.974517);\">sche Naturschutzgesetz (BayNatSchG) der Art. 23a aufgenommen. Dadurch wurde <\/span><span dir=\"ltr\" style=\"left: 172.678px; top: 446.429px; transform: scaleX(1.0146);\">die Anwendung von Pestiziden in Naturschutzgebieten, gesetzlich gesch\u00fctzten Land<\/span><span dir=\"ltr\" style=\"left: 788.911px; top: 446.429px;\">&#8211;<\/span><span dir=\"ltr\" style=\"left: 172.678px; top: 464.298px; transform: scaleX(0.999299);\">schaftsbestandteilen und gesetzlich gesch\u00fctzten Biotopen verboten. Zu den gesetzlich <\/span><span dir=\"ltr\" style=\"left: 172.678px; top: 482.167px; transform: scaleX(0.994901);\">gesch\u00fctzten Biotopen nach \u00a7 30 Bundesnaturschutzgesetz (BNatSchG) z\u00e4hlen W\u00e4lder <\/span><span dir=\"ltr\" style=\"left: 172.678px; top: 500.036px; transform: scaleX(0.971358);\">und Geb\u00fcsche trockenwarmer Standorte. Nach der bayerischen Kartieranleitung f\u00fcr <\/span><span dir=\"ltr\" style=\"left: 172.678px; top: 517.905px; transform: scaleX(0.982115);\">Biotope sind darunter auch w\u00e4rmeliebende Eichenmischw\u00e4lder und w\u00e4rmeliebende <\/span><span dir=\"ltr\" style=\"left: 172.678px; top: 535.774px; transform: scaleX(1.02039);\">Buchenw\u00e4lder erfasst. Da bisher f\u00fcr Bayern keine \u00f6ffentlich zug\u00e4ngliche Waldbiotop<\/span><span dir=\"ltr\" style=\"left: 788.911px; top: 535.774px;\">&#8211;<\/span><span dir=\"ltr\" style=\"left: 172.678px; top: 553.643px; transform: scaleX(0.968588);\">kartierung vorliegt, ist eine Kontrolle des Pestizidverbotes in gesetzlich gesch\u00fctzten <\/span><span dir=\"ltr\" style=\"left: 172.678px; top: 571.512px; transform: scaleX(1.00922);\">Waldbiotopen erschwert.<\/span><\/span><\/p>\n<p><span style=\"font-size: 10pt;\"><span dir=\"ltr\" style=\"left: 172.678px; top: 571.512px; transform: scaleX(1.00922);\">Vor diesem Hintergrund befragten meine Kolleg*innen Christian Hierneis und Rosi Steinberger die Staatsregierung. Die Anfrage und Antwort der Staatsregierung finden Sie <a href=\"http:\/\/www1.bayern.landtag.de\/www\/ElanTextAblage_WP18\/Drucksachen\/Schriftliche%20Anfragen\/18_0010942.pdf\" target=\"_blank\" rel=\"noopener noreferrer\">hier<\/a><\/span><\/span><span style=\"font-size: 10pt;\"><span dir=\"ltr\" style=\"left: 172.678px; top: 571.512px; transform: scaleX(1.00922);\">.<\/span><\/span><\/p>\n","protected":false},"excerpt":{"rendered":"<p>Mit der Annahme des Volksbegehrens \u201eRettet die Artenvielfalt\u201c wurde in das Bayeri&#8211;sche Naturschutzgesetz (BayNatSchG) der Art. 23a aufgenommen. Dadurch wurde die Anwendung von Pestiziden in Naturschutzgebieten, gesetzlich gesch\u00fctzten Land&#8211;schaftsbestandteilen und [&hellip;]<\/p>\n","protected":false},"author":-1,"featured_media":0,"comment_status":"open","ping_status":"open","sticky":false,"template":"","format":"standard","meta":{"footnotes":""},"categories":[82,79,45,77,83],"tags":[],"class_list":["post-307","post","type-post","status-publish","format-standard","hentry","category-landwirtschaft-flaechennutzung-san","category-natur-artenschutz-san","category-anfragen-im-landtag-2","category-schriftliche-anfragen","category-staatliches-handeln-verwaltung-san"],"_links":{"self":[{"href":"https:\/\/patrick-friedl.de\/wps\/wp-json\/wp\/v2\/posts\/307","targetHints":{"allow":["GET"]}}],"collection":[{"href":"https:\/\/patrick-friedl.de\/wps\/wp-json\/wp\/v2\/posts"}],"about":[{"href":"https:\/\/patrick-friedl.de\/wps\/wp-json\/wp\/v2\/types\/post"}],"author":[{"embeddable":true,"href":"https:\/\/patrick-friedl.de\/wps\/wp-json\/wp\/v2\/users\/8"}],"replies":[{"embeddable":true,"href":"https:\/\/patrick-friedl.de\/wps\/wp-json\/wp\/v2\/comments?post=307"}],"version-history":[{"count":1,"href":"https:\/\/patrick-friedl.de\/wps\/wp-json\/wp\/v2\/posts\/307\/revisions"}],"predecessor-version":[{"id":1876,"href":"https:\/\/patrick-friedl.de\/wps\/wp-json\/wp\/v2\/posts\/307\/revisions\/1876"}],"wp:attachment":[{"href":"https:\/\/patrick-friedl.de\/wps\/wp-json\/wp\/v2\/media?parent=307"}],"wp:term":[{"taxonomy":"category","embeddable":true,"href":"https:\/\/patrick-friedl.de\/wps\/wp-json\/wp\/v2\/categories?post=307"},{"taxonomy":"post_tag","embeddable":true,"href":"https:\/\/patrick-friedl.de\/wps\/wp-json\/wp\/v2\/tags?post=307"}],"curies":[{"name":"wp","href":"https:\/\/api.w.org\/{rel}","templated":true}]}}