{"id":3069,"date":"2019-05-15T15:05:00","date_gmt":"2019-05-15T14:05:00","guid":{"rendered":"https:\/\/patrick-friedl.de\/wps\/?p=3069"},"modified":"2025-11-05T15:06:09","modified_gmt":"2025-11-05T15:06:09","slug":"schriftliche-anfrage-foerderung-von-energieeinsparkonzepten-und-energienutzungsplaenen","status":"publish","type":"post","link":"https:\/\/patrick-friedl.de\/wps\/2019\/05\/15\/schriftliche-anfrage-foerderung-von-energieeinsparkonzepten-und-energienutzungsplaenen\/","title":{"rendered":"Schriftliche Anfrage: F\u00f6rderung von Energieeinsparkonzepten und Energienutzungspl\u00e4nen"},"content":{"rendered":"\n<p>Die schriftliche Anfrage richtet sich an die Staatsregierung zur Umsetzung des Programms \u201eF\u00f6rderung von Energiekonzepten und kommunalen Energienutzungspl\u00e4nen\u201c in Bayern, das von Dezember 2015 bis Dezember 2018 F\u00f6rdermittel f\u00fcr Kommunen, kirchliche Einrichtungen, Unternehmen und weitere Einrichtungen bereitstellte.<\/p>\n\n\n\n<p>Die Anfrage umfasst unter anderem folgende Punkte:<\/p>\n\n\n\n<ul class=\"wp-block-list\">\n<li>Angaben zu den gef\u00f6rderten Projekten: Zeitpunkt, H\u00f6he der F\u00f6rderung, Ort und Art der Einrichtung.<\/li>\n\n\n\n<li>Erfasste und tats\u00e4chlich umgesetzte Energieeinsparungen, inklusive Nutzung erneuerbarer Energien.<\/li>\n\n\n\n<li>Kontrolle der Einhaltung der F\u00f6rderbedingungen, abgelehnte Antr\u00e4ge und Gr\u00fcnde f\u00fcr Ablehnungen.<\/li>\n\n\n\n<li>Entscheidungskompetenzen und Gr\u00fcnde f\u00fcr die Einstellung des Programms.<\/li>\n\n\n\n<li>Verbleibende F\u00f6rdermittel und m\u00f6gliche Fortf\u00fchrung des Programms, inklusive maximaler F\u00f6rderbetr\u00e4ge und F\u00f6rdervoraussetzungen.<\/li>\n\n\n\n<li>Spezifische Nutzung der Mittel zur Umr\u00fcstung von Stra\u00dfenbeleuchtung und Beleuchtung \u00f6ffentlicher Geb\u00e4ude auf LED-Technik, aufgeschl\u00fcsselt nach Kommunen und Jahren.<\/li>\n<\/ul>\n\n\n\n<p>Die Anfrage zielt darauf ab, Transparenz \u00fcber die Wirksamkeit und Verteilung der F\u00f6rdermittel f\u00fcr Energieeinsparkonzepte in Bayern zu schaffen.<\/p>\n\n\n\n<p><a href=\"http:\/\/patrick-friedl.de\/wps\/wp-content\/uploads\/2025\/11\/18_0002027.pdf\"><strong>Die Antwort der Staatsregierung<\/strong>.<\/a><\/p>\n","protected":false},"excerpt":{"rendered":"<p>Die schriftliche Anfrage richtet sich an die Staatsregierung zur Umsetzung des Programms \u201eF\u00f6rderung von Energiekonzepten und kommunalen Energienutzungspl\u00e4nen\u201c in Bayern, das von Dezember 2015 bis Dezember 2018 F\u00f6rdermittel f\u00fcr Kommunen, [&hellip;]<\/p>\n","protected":false},"author":-1,"featured_media":0,"comment_status":"closed","ping_status":"closed","sticky":false,"template":"","format":"standard","meta":{"footnotes":""},"categories":[45,77],"tags":[],"class_list":["post-3069","post","type-post","status-publish","format-standard","hentry","category-anfragen-im-landtag-2","category-schriftliche-anfragen"],"_links":{"self":[{"href":"https:\/\/patrick-friedl.de\/wps\/wp-json\/wp\/v2\/posts\/3069","targetHints":{"allow":["GET"]}}],"collection":[{"href":"https:\/\/patrick-friedl.de\/wps\/wp-json\/wp\/v2\/posts"}],"about":[{"href":"https:\/\/patrick-friedl.de\/wps\/wp-json\/wp\/v2\/types\/post"}],"author":[{"embeddable":true,"href":"https:\/\/patrick-friedl.de\/wps\/wp-json\/wp\/v2\/users\/8"}],"replies":[{"embeddable":true,"href":"https:\/\/patrick-friedl.de\/wps\/wp-json\/wp\/v2\/comments?post=3069"}],"version-history":[{"count":1,"href":"https:\/\/patrick-friedl.de\/wps\/wp-json\/wp\/v2\/posts\/3069\/revisions"}],"predecessor-version":[{"id":3070,"href":"https:\/\/patrick-friedl.de\/wps\/wp-json\/wp\/v2\/posts\/3069\/revisions\/3070"}],"wp:attachment":[{"href":"https:\/\/patrick-friedl.de\/wps\/wp-json\/wp\/v2\/media?parent=3069"}],"wp:term":[{"taxonomy":"category","embeddable":true,"href":"https:\/\/patrick-friedl.de\/wps\/wp-json\/wp\/v2\/categories?post=3069"},{"taxonomy":"post_tag","embeddable":true,"href":"https:\/\/patrick-friedl.de\/wps\/wp-json\/wp\/v2\/tags?post=3069"}],"curies":[{"name":"wp","href":"https:\/\/api.w.org\/{rel}","templated":true}]}}