{"id":3067,"date":"2019-04-24T15:03:00","date_gmt":"2019-04-24T14:03:00","guid":{"rendered":"https:\/\/patrick-friedl.de\/wps\/?p=3067"},"modified":"2025-11-05T15:04:47","modified_gmt":"2025-11-05T15:04:47","slug":"schriftliche-anfrage-waldnaturschutz-im-steigerwald","status":"publish","type":"post","link":"https:\/\/patrick-friedl.de\/wps\/2019\/04\/24\/schriftliche-anfrage-waldnaturschutz-im-steigerwald\/","title":{"rendered":"Schriftliche Anfrage: Waldnaturschutz im Steigerwald"},"content":{"rendered":"\n<p>Die schriftliche Anfrage richtet sich an die Staatsregierung zu Aspekten des Waldnaturschutzes im Steigerwald, insbesondere im Zusammenhang mit der Diskussion um einen m\u00f6glichen Nationalpark. Im Fokus stehen Ma\u00dfnahmen des Forstbetriebs Ebrach, die Bewirtschaftung von Buchenholz sowie Fragen zu Durchforstungen im Waldgebiet R\u00f6then bei Fabrikschleichach.<\/p>\n\n\n\n<p>Die Anfrage behandelt unter anderem:<\/p>\n\n\n\n<ul class=\"wp-block-list\">\n<li>J\u00e4hrliche Buchenholzeinschl\u00e4ge im Forstbetrieb Ebrach in den letzten zwanzig Jahren, aufgeschl\u00fcsselt nach Sortimenten und Verkaufspartnern.<\/li>\n\n\n\n<li>Vertragsbedingungen und Verkaufspraktiken, inklusive Umsetzung des Mottos \u201eHolzwirtschaft der kurzen Wege\u201c und Belieferung lokaler S\u00e4gewerke.<\/li>\n\n\n\n<li>Anwendung des Trittsteinkonzepts und Schutz von Biotop- und Naturschutzb\u00e4umen im Waldgebiet R\u00f6then.<\/li>\n\n\n\n<li>Durchf\u00fchrung, Umfang und Zielsetzung von Durchforstungen, inklusive Anzahl und Gr\u00f6\u00dfe der entfernten oder verschonten B\u00e4ume.<\/li>\n\n\n\n<li>Abstimmungen mit Naturschutzverb\u00e4nden wie dem BUND und Reaktionen auf Proteste im Zusammenhang mit Durchforstungen.<\/li>\n<\/ul>\n\n\n\n<p>Die Anfrage zielt darauf ab, Transparenz \u00fcber die Waldwirtschaft und die Naturschutzpraxis im Steigerwald zu schaffen.<\/p>\n\n\n\n<p><a href=\"http:\/\/patrick-friedl.de\/wps\/wp-content\/uploads\/2025\/11\/18_0001795.pdf\"><strong>Die Antwort der Staatsregierung<\/strong>.<\/a><\/p>\n","protected":false},"excerpt":{"rendered":"<p>Die schriftliche Anfrage richtet sich an die Staatsregierung zu Aspekten des Waldnaturschutzes im Steigerwald, insbesondere im Zusammenhang mit der Diskussion um einen m\u00f6glichen Nationalpark. Im Fokus stehen Ma\u00dfnahmen des Forstbetriebs [&hellip;]<\/p>\n","protected":false},"author":-1,"featured_media":0,"comment_status":"closed","ping_status":"closed","sticky":false,"template":"","format":"standard","meta":{"footnotes":""},"categories":[45,77],"tags":[],"class_list":["post-3067","post","type-post","status-publish","format-standard","hentry","category-anfragen-im-landtag-2","category-schriftliche-anfragen"],"_links":{"self":[{"href":"https:\/\/patrick-friedl.de\/wps\/wp-json\/wp\/v2\/posts\/3067","targetHints":{"allow":["GET"]}}],"collection":[{"href":"https:\/\/patrick-friedl.de\/wps\/wp-json\/wp\/v2\/posts"}],"about":[{"href":"https:\/\/patrick-friedl.de\/wps\/wp-json\/wp\/v2\/types\/post"}],"author":[{"embeddable":true,"href":"https:\/\/patrick-friedl.de\/wps\/wp-json\/wp\/v2\/users\/8"}],"replies":[{"embeddable":true,"href":"https:\/\/patrick-friedl.de\/wps\/wp-json\/wp\/v2\/comments?post=3067"}],"version-history":[{"count":1,"href":"https:\/\/patrick-friedl.de\/wps\/wp-json\/wp\/v2\/posts\/3067\/revisions"}],"predecessor-version":[{"id":3068,"href":"https:\/\/patrick-friedl.de\/wps\/wp-json\/wp\/v2\/posts\/3067\/revisions\/3068"}],"wp:attachment":[{"href":"https:\/\/patrick-friedl.de\/wps\/wp-json\/wp\/v2\/media?parent=3067"}],"wp:term":[{"taxonomy":"category","embeddable":true,"href":"https:\/\/patrick-friedl.de\/wps\/wp-json\/wp\/v2\/categories?post=3067"},{"taxonomy":"post_tag","embeddable":true,"href":"https:\/\/patrick-friedl.de\/wps\/wp-json\/wp\/v2\/tags?post=3067"}],"curies":[{"name":"wp","href":"https:\/\/api.w.org\/{rel}","templated":true}]}}