{"id":3063,"date":"2019-04-25T14:59:00","date_gmt":"2019-04-25T13:59:00","guid":{"rendered":"https:\/\/patrick-friedl.de\/wps\/?p=3063"},"modified":"2025-11-05T15:03:27","modified_gmt":"2025-11-05T15:03:27","slug":"schriftliche-anfrage-konsequenzen-aus-dem-hitzesommer-2018-fuer-den-kuenftigen-gesundheits-und-bevoelkerungsschutz-in-bayern","status":"publish","type":"post","link":"https:\/\/patrick-friedl.de\/wps\/2019\/04\/25\/schriftliche-anfrage-konsequenzen-aus-dem-hitzesommer-2018-fuer-den-kuenftigen-gesundheits-und-bevoelkerungsschutz-in-bayern\/","title":{"rendered":"Schriftliche Anfrage: Konsequenzen aus dem Hitzesommer 2018 f\u00fcr den k\u00fcnftigen Gesundheits- und Bev\u00f6lkerungsschutz in Bayern"},"content":{"rendered":"\n<p>Die schriftliche Anfrage richtet sich an die Staatsregierung zu den Auswirkungen des Hitzesommers 2018 auf den Gesundheits- und Bev\u00f6lkerungsschutz in Bayern. Besonders im Fokus stehen vulnerable Gruppen wie \u00e4ltere, isoliert lebende oder pflegebed\u00fcrftige Menschen, Personen mit chronischen Erkrankungen, S\u00e4uglinge und Kleinkinder sowie Menschen in Au\u00dfenberufen.<\/p>\n\n\n\n<p>Kernpunkte der Anfrage sind:<\/p>\n\n\n\n<ul class=\"wp-block-list\">\n<li>Erkenntnisse \u00fcber hitzebedingte Belastungen und deren Folgen f\u00fcr besonders gef\u00e4hrdete Personengruppen.<\/li>\n\n\n\n<li>Ma\u00dfnahmen zur Sicherstellung optimaler klimatischer Bedingungen in Einrichtungen des Gesundheitswesens (Krankenh\u00e4user, Pflegeeinrichtungen, Arztpraxen) und Bildungswesens (Schulen, Kindertagesst\u00e4tten, Hochschulen) w\u00e4hrend Hitzeperioden.<\/li>\n\n\n\n<li>Auswirkungen hitzebedingter Luftbelastungen (z.\u202fB. Ozon, Feinst\u00e4ube, Stickoxide, Pollen, Schimmelpilzsporen) und daraus abgeleitete Konsequenzen.<\/li>\n\n\n\n<li>Verst\u00e4rkte Ausbreitung von Zwischenwirten wie Zecken und M\u00fccken, w\u00e4rmeliebenden Pflanzen und Tieren sowie hitzebedingte Infektionsrisiken in Wasser und Lebensmitteln.<\/li>\n\n\n\n<li>Handlungsnotwendigkeiten zum UV-strahlungsbedingten Gesundheits- und Arbeitsschutz f\u00fcr Personen in Au\u00dfenberufen und die daraus resultierenden Konsequenzen f\u00fcr die Landespolitik.<\/li>\n<\/ul>\n\n\n\n<p>Die Anfrage zielt darauf ab, den Handlungsbedarf im Gesundheits- und Bev\u00f6lkerungsschutz bei zunehmenden Hitzebelastungen transparent zu machen.<\/p>\n\n\n\n<p><a href=\"http:\/\/patrick-friedl.de\/wps\/wp-content\/uploads\/2025\/11\/18_0001783.pdf\"><strong>Die Antwort der Staatsregierung<\/strong>.<\/a><\/p>\n","protected":false},"excerpt":{"rendered":"<p>Die schriftliche Anfrage richtet sich an die Staatsregierung zu den Auswirkungen des Hitzesommers 2018 auf den Gesundheits- und Bev\u00f6lkerungsschutz in Bayern. Besonders im Fokus stehen vulnerable Gruppen wie \u00e4ltere, isoliert [&hellip;]<\/p>\n","protected":false},"author":-1,"featured_media":0,"comment_status":"closed","ping_status":"closed","sticky":false,"template":"","format":"standard","meta":{"footnotes":""},"categories":[45,77],"tags":[],"class_list":["post-3063","post","type-post","status-publish","format-standard","hentry","category-anfragen-im-landtag-2","category-schriftliche-anfragen"],"_links":{"self":[{"href":"https:\/\/patrick-friedl.de\/wps\/wp-json\/wp\/v2\/posts\/3063","targetHints":{"allow":["GET"]}}],"collection":[{"href":"https:\/\/patrick-friedl.de\/wps\/wp-json\/wp\/v2\/posts"}],"about":[{"href":"https:\/\/patrick-friedl.de\/wps\/wp-json\/wp\/v2\/types\/post"}],"author":[{"embeddable":true,"href":"https:\/\/patrick-friedl.de\/wps\/wp-json\/wp\/v2\/users\/8"}],"replies":[{"embeddable":true,"href":"https:\/\/patrick-friedl.de\/wps\/wp-json\/wp\/v2\/comments?post=3063"}],"version-history":[{"count":1,"href":"https:\/\/patrick-friedl.de\/wps\/wp-json\/wp\/v2\/posts\/3063\/revisions"}],"predecessor-version":[{"id":3066,"href":"https:\/\/patrick-friedl.de\/wps\/wp-json\/wp\/v2\/posts\/3063\/revisions\/3066"}],"wp:attachment":[{"href":"https:\/\/patrick-friedl.de\/wps\/wp-json\/wp\/v2\/media?parent=3063"}],"wp:term":[{"taxonomy":"category","embeddable":true,"href":"https:\/\/patrick-friedl.de\/wps\/wp-json\/wp\/v2\/categories?post=3063"},{"taxonomy":"post_tag","embeddable":true,"href":"https:\/\/patrick-friedl.de\/wps\/wp-json\/wp\/v2\/tags?post=3063"}],"curies":[{"name":"wp","href":"https:\/\/api.w.org\/{rel}","templated":true}]}}