{"id":305,"date":"2020-12-23T00:00:00","date_gmt":"2020-12-23T00:00:00","guid":{"rendered":"https:\/\/patrick-friedl.de\/wps\/2020\/12\/23\/schriftliche-anfrage-oekologischer-hochwasserschutz-in-bayern\/"},"modified":"2025-06-03T14:16:46","modified_gmt":"2025-06-03T13:16:46","slug":"schriftliche-anfrage-oekologischer-hochwasserschutz-in-bayern","status":"publish","type":"post","link":"https:\/\/patrick-friedl.de\/wps\/2020\/12\/23\/schriftliche-anfrage-oekologischer-hochwasserschutz-in-bayern\/","title":{"rendered":"Schriftliche Anfrage: \u00d6kologischer Hochwasserschutz in Bayern"},"content":{"rendered":"<p>Ein \u00f6kologischer Hochwasserschutz mit nat\u00fcrlichem R\u00fcckhalt ist die sinnvollste L\u00f6sung, mehrere Probleme mit einer Ma\u00dfnahme zu l\u00f6sen. Neben dem Hochwasserschutz k\u00f6nnen damit auch die Biodiversit\u00e4t und die Grundwasserneubildung verbessert werden. Leider dominieren immer noch technische L\u00f6sungen beim Hochwasserschutz, da h\u00e4ufig mangelnde Fl\u00e4chenverf\u00fcgbarkeit die Nutzung nat\u00fcrlicher R\u00fcckhaltefl\u00e4chen behindert.<\/p>\n<p>Vor diesem Hintergrund befragten meine Kolleg*innen Christian Hierneis, Rosi Steinberger und ich die Staatsregierung. Die Anfrage und Antwort der Staatsregierung finden Sie <a href=\"http:\/\/www1.bayern.landtag.de\/www\/ElanTextAblage_WP18\/Drucksachen\/Schriftliche%20Anfragen\/18_0011252.pdf\" target=\"_blank\" rel=\"noopener noreferrer\">hier<\/a>.<\/p>\n","protected":false},"excerpt":{"rendered":"<p>Ein \u00f6kologischer Hochwasserschutz mit nat\u00fcrlichem R\u00fcckhalt ist die sinnvollste L\u00f6sung, mehrere Probleme mit einer Ma\u00dfnahme zu l\u00f6sen. Neben dem Hochwasserschutz k\u00f6nnen damit auch die Biodiversit\u00e4t und die Grundwasserneubildung verbessert werden. [&hellip;]<\/p>\n","protected":false},"author":-1,"featured_media":0,"comment_status":"open","ping_status":"open","sticky":false,"template":"","format":"standard","meta":{"footnotes":""},"categories":[45,77,80],"tags":[],"class_list":["post-305","post","type-post","status-publish","format-standard","hentry","category-anfragen-im-landtag-2","category-schriftliche-anfragen","category-wasser-gewaesser-san"],"_links":{"self":[{"href":"https:\/\/patrick-friedl.de\/wps\/wp-json\/wp\/v2\/posts\/305","targetHints":{"allow":["GET"]}}],"collection":[{"href":"https:\/\/patrick-friedl.de\/wps\/wp-json\/wp\/v2\/posts"}],"about":[{"href":"https:\/\/patrick-friedl.de\/wps\/wp-json\/wp\/v2\/types\/post"}],"author":[{"embeddable":true,"href":"https:\/\/patrick-friedl.de\/wps\/wp-json\/wp\/v2\/users\/8"}],"replies":[{"embeddable":true,"href":"https:\/\/patrick-friedl.de\/wps\/wp-json\/wp\/v2\/comments?post=305"}],"version-history":[{"count":1,"href":"https:\/\/patrick-friedl.de\/wps\/wp-json\/wp\/v2\/posts\/305\/revisions"}],"predecessor-version":[{"id":1877,"href":"https:\/\/patrick-friedl.de\/wps\/wp-json\/wp\/v2\/posts\/305\/revisions\/1877"}],"wp:attachment":[{"href":"https:\/\/patrick-friedl.de\/wps\/wp-json\/wp\/v2\/media?parent=305"}],"wp:term":[{"taxonomy":"category","embeddable":true,"href":"https:\/\/patrick-friedl.de\/wps\/wp-json\/wp\/v2\/categories?post=305"},{"taxonomy":"post_tag","embeddable":true,"href":"https:\/\/patrick-friedl.de\/wps\/wp-json\/wp\/v2\/tags?post=305"}],"curies":[{"name":"wp","href":"https:\/\/api.w.org\/{rel}","templated":true}]}}