{"id":304,"date":"2021-01-15T00:00:00","date_gmt":"2021-01-15T00:00:00","guid":{"rendered":"https:\/\/patrick-friedl.de\/wps\/2021\/01\/15\/schriftliche-anfrage-b-t-i-einsatz-am-chiemsee\/"},"modified":"2025-06-03T14:16:46","modified_gmt":"2025-06-03T13:16:46","slug":"schriftliche-anfrage-b-t-i-einsatz-am-chiemsee","status":"publish","type":"post","link":"https:\/\/patrick-friedl.de\/wps\/2021\/01\/15\/schriftliche-anfrage-b-t-i-einsatz-am-chiemsee\/","title":{"rendered":"Schriftliche Anfrage: B.t.i.-Einsatz am Chiemsee"},"content":{"rendered":"<p>Die Genehmigung des Einsatzes von Bacillus thuringiensis israelensis (B.t.i.) am Chiemsee und im Naturschutzgebiet &#8222;M\u00fcndung der Tiroler Achen&#8220; gilt seit dem Jahr 2010. Die Genehmigung f\u00fcr die Jahre 2016 bis 2020 beruht auf dem \u00c4nderungsbescheid der Regierung von Oberbayern vom 11.05.2016.<\/p>\n<p>Gemeinsam mit Christian Hierneis befrage ich die Staatsregierung dazu. Die Anfrage und Antwort der Staatsregierung finden Sie <a href=\"http:\/\/www1.bayern.landtag.de\/www\/ElanTextAblage_WP18\/Drucksachen\/Schriftliche%20Anfragen\/18_0011764.pdf\" target=\"_blank\" rel=\"noopener noreferrer\">hier<\/a>.<\/p>\n","protected":false},"excerpt":{"rendered":"<p>Die Genehmigung des Einsatzes von Bacillus thuringiensis israelensis (B.t.i.) am Chiemsee und im Naturschutzgebiet &#8222;M\u00fcndung der Tiroler Achen&#8220; gilt seit dem Jahr 2010. Die Genehmigung f\u00fcr die Jahre 2016 bis [&hellip;]<\/p>\n","protected":false},"author":-1,"featured_media":0,"comment_status":"open","ping_status":"open","sticky":false,"template":"","format":"standard","meta":{"footnotes":""},"categories":[45,77,80],"tags":[],"class_list":["post-304","post","type-post","status-publish","format-standard","hentry","category-anfragen-im-landtag-2","category-schriftliche-anfragen","category-wasser-gewaesser-san"],"_links":{"self":[{"href":"https:\/\/patrick-friedl.de\/wps\/wp-json\/wp\/v2\/posts\/304","targetHints":{"allow":["GET"]}}],"collection":[{"href":"https:\/\/patrick-friedl.de\/wps\/wp-json\/wp\/v2\/posts"}],"about":[{"href":"https:\/\/patrick-friedl.de\/wps\/wp-json\/wp\/v2\/types\/post"}],"author":[{"embeddable":true,"href":"https:\/\/patrick-friedl.de\/wps\/wp-json\/wp\/v2\/users\/8"}],"replies":[{"embeddable":true,"href":"https:\/\/patrick-friedl.de\/wps\/wp-json\/wp\/v2\/comments?post=304"}],"version-history":[{"count":1,"href":"https:\/\/patrick-friedl.de\/wps\/wp-json\/wp\/v2\/posts\/304\/revisions"}],"predecessor-version":[{"id":1878,"href":"https:\/\/patrick-friedl.de\/wps\/wp-json\/wp\/v2\/posts\/304\/revisions\/1878"}],"wp:attachment":[{"href":"https:\/\/patrick-friedl.de\/wps\/wp-json\/wp\/v2\/media?parent=304"}],"wp:term":[{"taxonomy":"category","embeddable":true,"href":"https:\/\/patrick-friedl.de\/wps\/wp-json\/wp\/v2\/categories?post=304"},{"taxonomy":"post_tag","embeddable":true,"href":"https:\/\/patrick-friedl.de\/wps\/wp-json\/wp\/v2\/tags?post=304"}],"curies":[{"name":"wp","href":"https:\/\/api.w.org\/{rel}","templated":true}]}}