{"id":301,"date":"2021-02-16T00:00:00","date_gmt":"2021-02-16T00:00:00","guid":{"rendered":"https:\/\/patrick-friedl.de\/wps\/2021\/02\/16\/schriftliche-anfrage-naturschutz-als-aufgabe-fuer-erziehung\/"},"modified":"2025-06-03T14:13:43","modified_gmt":"2025-06-03T13:13:43","slug":"schriftliche-anfrage-naturschutz-als-aufgabe-fuer-erziehung","status":"publish","type":"post","link":"https:\/\/patrick-friedl.de\/wps\/2021\/02\/16\/schriftliche-anfrage-naturschutz-als-aufgabe-fuer-erziehung\/","title":{"rendered":"Schriftliche Anfrage: Naturschutz als Aufgabe f\u00fcr Erziehung"},"content":{"rendered":"<p><span style=\"font-size: 10pt;\"><span dir=\"ltr\" style=\"left: 125.178px; top: 297.719px; transform: scaleX(0.970741);\">In \u00a7 1b Bayerisches Naturschutzgesetz (BayNatschG) wird der Naturschutz als Aufga<\/span><span dir=\"ltr\" style=\"left: 125.178px; top: 310.673px; transform: scaleX(0.975413);\">be f\u00fcr Erziehung geregelt. Gleichzeitig k\u00fcndigt das Staatsministerium f\u00fcr Umwelt und <\/span><span dir=\"ltr\" style=\"left: 125.178px; top: 323.626px; transform: scaleX(0.934815);\">Verbraucherschutz (StMUV) auf seiner Homepage an, dass die Ziele und Aufgaben <\/span><span dir=\"ltr\" style=\"left: 125.178px; top: 336.58px; transform: scaleX(0.927725);\">des Naturschutzes und der Landschaftspflege, insbesondere auch mit ihrem Bezug <\/span><span dir=\"ltr\" style=\"left: 125.178px; top: 349.534px; transform: scaleX(0.966347);\">zur Landwirtschaft, bei der p\u00e4dagogischen Aus- und Fortbildung, in den Lehr- und Bil<\/span><span dir=\"ltr\" style=\"left: 125.178px; top: 362.487px; transform: scaleX(0.964624);\">dungspl\u00e4nen und bei den Lehr- und Lernmitteln k\u00fcnftig st\u00e4rker ber\u00fccksichtigt werden. <\/span><span dir=\"ltr\" style=\"left: 125.178px; top: 375.441px; transform: scaleX(0.948665);\">Au\u00dferdem soll die Biodiversit\u00e4t im neuen LehrplanPLUS eine gro\u00dfe Rolle spielen.<\/span><\/span><\/p>\n<p><span style=\"font-size: 10pt;\">Vor diesem Hintergrund befragen meine Kolleg*innen Maximilian Deisenhofer, Rosi Steinberger, Christian Hierneis und ich die Staatsregierung. Die Anfrage und Antwort der Staatsregierung finden Sie <a href=\"http:\/\/www1.bayern.landtag.de\/www\/ElanTextAblage_WP18\/Drucksachen\/Schriftliche%20Anfragen\/18_0012424.pdf\" target=\"_blank\" rel=\"noopener noreferrer\">hier<\/a>.<\/span><\/p>\n","protected":false},"excerpt":{"rendered":"<p>In \u00a7 1b Bayerisches Naturschutzgesetz (BayNatschG) wird der Naturschutz als Aufgabe f\u00fcr Erziehung geregelt. Gleichzeitig k\u00fcndigt das Staatsministerium f\u00fcr Umwelt und Verbraucherschutz (StMUV) auf seiner Homepage an, dass die Ziele [&hellip;]<\/p>\n","protected":false},"author":-1,"featured_media":0,"comment_status":"open","ping_status":"open","sticky":false,"template":"","format":"standard","meta":{"footnotes":""},"categories":[79,45,77,83],"tags":[],"class_list":["post-301","post","type-post","status-publish","format-standard","hentry","category-natur-artenschutz-san","category-anfragen-im-landtag-2","category-schriftliche-anfragen","category-staatliches-handeln-verwaltung-san"],"_links":{"self":[{"href":"https:\/\/patrick-friedl.de\/wps\/wp-json\/wp\/v2\/posts\/301","targetHints":{"allow":["GET"]}}],"collection":[{"href":"https:\/\/patrick-friedl.de\/wps\/wp-json\/wp\/v2\/posts"}],"about":[{"href":"https:\/\/patrick-friedl.de\/wps\/wp-json\/wp\/v2\/types\/post"}],"author":[{"embeddable":true,"href":"https:\/\/patrick-friedl.de\/wps\/wp-json\/wp\/v2\/users\/8"}],"replies":[{"embeddable":true,"href":"https:\/\/patrick-friedl.de\/wps\/wp-json\/wp\/v2\/comments?post=301"}],"version-history":[{"count":1,"href":"https:\/\/patrick-friedl.de\/wps\/wp-json\/wp\/v2\/posts\/301\/revisions"}],"predecessor-version":[{"id":1881,"href":"https:\/\/patrick-friedl.de\/wps\/wp-json\/wp\/v2\/posts\/301\/revisions\/1881"}],"wp:attachment":[{"href":"https:\/\/patrick-friedl.de\/wps\/wp-json\/wp\/v2\/media?parent=301"}],"wp:term":[{"taxonomy":"category","embeddable":true,"href":"https:\/\/patrick-friedl.de\/wps\/wp-json\/wp\/v2\/categories?post=301"},{"taxonomy":"post_tag","embeddable":true,"href":"https:\/\/patrick-friedl.de\/wps\/wp-json\/wp\/v2\/tags?post=301"}],"curies":[{"name":"wp","href":"https:\/\/api.w.org\/{rel}","templated":true}]}}