{"id":300,"date":"2021-03-13T00:00:00","date_gmt":"2021-03-13T00:00:00","guid":{"rendered":"https:\/\/patrick-friedl.de\/wps\/2021\/03\/13\/kritik-an-vwb-studie-keine-klaren-co2-einsparziele\/"},"modified":"2021-03-13T00:00:00","modified_gmt":"2021-03-13T00:00:00","slug":"kritik-an-vwb-studie-keine-klaren-co2-einsparziele","status":"publish","type":"post","link":"https:\/\/patrick-friedl.de\/wps\/2021\/03\/13\/kritik-an-vwb-studie-keine-klaren-co2-einsparziele\/","title":{"rendered":"Kritik an vbw-Studie: Keine klaren CO2-Einsparziele"},"content":{"rendered":"<p><strong>Patrick Friedl kritisiert die vbw-Studie &#8222;Klima 2030. Nachhaltige Innovationen&#8220;<\/strong><\/p>\n<p>Bei einem Kongress in W\u00fcrzburg wurde die Studie &#8222;Klima 2030. Nachhaltige Innovation&#8220; vorgestellt. W\u00fcrzburger MdL Patrick Friedl: &#8222;Der Blickwinkel auf die Klimakrise ist erwartbar hier stark von \u00d6konomie, Technologie und Machbarkeit gepr\u00e4gt.\u00a0 Auch wenn das Ausma\u00df der bereits jetzt sp\u00fcrbaren Auswirkungen der Klima\u00fcberhitzung auf Bayern und Unterfranken im Besonderen noch nicht in seiner Dramatik dargestellt wurde, wird erfreulicherweise die Notwendigkeit der schnellen Umsteuerung anerkannt. Woran es fehlt: Klare Zielvorgaben, CO2- Reduktionsziele, Entwicklungspfade, \u00fcberpr\u00fcfbare Ma\u00dfnahmen, u.V.m. Das ist noch mehr politische Aufgabe. Aber die Vertreter*innen der Bayerischen Wirtschaft k\u00f6nnten hier mehr klare und verl\u00e4ssliche Rahmenbedingungen einfordern, um so Investitionen in betrieblichen Klima- und Umweltschutz abzusichern.&#8220;<\/p>\n<p>Weitere Informationen zum Kongress finden Sie <a href=\"https:\/\/www.vbw-bayern.de\/vbw\/Themen-und-Services\/Innovation\/Regionale-OnlineKongresse-des-Zukunftsrats-der-Bayerischen-Wirtschaft-Klima-2030.-Nachhaltige-Innovationen-9.jsp\" target=\"_blank\" rel=\"noopener noreferrer\">hier<\/a>. Die Studie lesen sie <a href=\"https:\/\/www.vbw-bayern.de\/vbw\/Themen-und-Services\/Zukunftsrat\/Klima-2030.-Nachhaltige-Innovationen.-Studie.jsp\" target=\"_blank\" rel=\"noopener noreferrer\">hier<\/a>.<\/p>\n<p>Hieraus zitiert in dem <a href=\"https:\/\/www.br.de\/nachrichten\/wirtschaft\/vbw-studie-bayern-kann-beim-klimaschutz-gewinnen,SRRZV2k\" target=\"_blank\" rel=\"noopener noreferrer\">br-Artikel<\/a> vom 12.03.2021.<\/p>\n","protected":false},"excerpt":{"rendered":"<p>Patrick Friedl kritisiert die vbw-Studie &#8222;Klima 2030. Nachhaltige Innovationen&#8220; Bei einem Kongress in W\u00fcrzburg wurde die Studie &#8222;Klima 2030. Nachhaltige Innovation&#8220; vorgestellt. W\u00fcrzburger MdL Patrick Friedl: &#8222;Der Blickwinkel auf die [&hellip;]<\/p>\n","protected":false},"author":-1,"featured_media":0,"comment_status":"open","ping_status":"open","sticky":false,"template":"","format":"standard","meta":{"footnotes":""},"categories":[31],"tags":[],"class_list":["post-300","post","type-post","status-publish","format-standard","hentry","category-pressemitteilungen"],"_links":{"self":[{"href":"https:\/\/patrick-friedl.de\/wps\/wp-json\/wp\/v2\/posts\/300","targetHints":{"allow":["GET"]}}],"collection":[{"href":"https:\/\/patrick-friedl.de\/wps\/wp-json\/wp\/v2\/posts"}],"about":[{"href":"https:\/\/patrick-friedl.de\/wps\/wp-json\/wp\/v2\/types\/post"}],"author":[{"embeddable":true,"href":"https:\/\/patrick-friedl.de\/wps\/wp-json\/wp\/v2\/users\/8"}],"replies":[{"embeddable":true,"href":"https:\/\/patrick-friedl.de\/wps\/wp-json\/wp\/v2\/comments?post=300"}],"version-history":[{"count":0,"href":"https:\/\/patrick-friedl.de\/wps\/wp-json\/wp\/v2\/posts\/300\/revisions"}],"wp:attachment":[{"href":"https:\/\/patrick-friedl.de\/wps\/wp-json\/wp\/v2\/media?parent=300"}],"wp:term":[{"taxonomy":"category","embeddable":true,"href":"https:\/\/patrick-friedl.de\/wps\/wp-json\/wp\/v2\/categories?post=300"},{"taxonomy":"post_tag","embeddable":true,"href":"https:\/\/patrick-friedl.de\/wps\/wp-json\/wp\/v2\/tags?post=300"}],"curies":[{"name":"wp","href":"https:\/\/api.w.org\/{rel}","templated":true}]}}