{"id":299,"date":"2020-12-22T00:00:00","date_gmt":"2020-12-22T00:00:00","guid":{"rendered":"https:\/\/patrick-friedl.de\/wps\/2020\/12\/22\/mdl-friedl-umsetzung-der-linie-6-jetzt-zuegig-angehen\/"},"modified":"2020-12-22T00:00:00","modified_gmt":"2020-12-22T00:00:00","slug":"mdl-friedl-umsetzung-der-linie-6-jetzt-zuegig-angehen","status":"publish","type":"post","link":"https:\/\/patrick-friedl.de\/wps\/2020\/12\/22\/mdl-friedl-umsetzung-der-linie-6-jetzt-zuegig-angehen\/","title":{"rendered":"MdL Friedl: \u201eUmsetzung der Linie 6 jetzt z\u00fcgig angehen!\u201c"},"content":{"rendered":"<p><img loading=\"lazy\" decoding=\"async\" class=\" size-full wp-image-298\" src=\"http:\/\/patrick-friedl.de\/wps\/wp-content\/uploads\/2020\/12\/Linie6.png\" alt=\"\" width=\"801\" height=\"601\" srcset=\"https:\/\/patrick-friedl.de\/wps\/wp-content\/uploads\/2020\/12\/Linie6.png 1600w, https:\/\/patrick-friedl.de\/wps\/wp-content\/uploads\/2020\/12\/Linie6-300x225.png 300w, https:\/\/patrick-friedl.de\/wps\/wp-content\/uploads\/2020\/12\/Linie6-1024x768.png 1024w, https:\/\/patrick-friedl.de\/wps\/wp-content\/uploads\/2020\/12\/Linie6-768x576.png 768w, https:\/\/patrick-friedl.de\/wps\/wp-content\/uploads\/2020\/12\/Linie6-1536x1152.png 1536w\" sizes=\"auto, (max-width: 801px) 100vw, 801px\" \/><\/p>\n<p>Am 28. Juni 2011 hat der Stadtrat erstmals die Planfeststellung der Stra\u00dfenbahnlinie 6 beantragt. Gestern wurde nach 9 \u00bd Jahren Planung endlich der Planfeststellungsbeschluss verk\u00fcndet. W\u00fcrzburger MdL Patrick Friedl: \u201eEndlich. Jetzt muss die Umsetzung der Linie 6 z\u00fcgig angegangen werden! Verkehrliche Bewertung, Wirtschaftlichkeitsberechnung, Vorbereitung der F\u00f6rderantr\u00e4ge und Grundlagen f\u00fcr Ausschreibungen sollten jetzt gut abgestimmt laufen, um Zeit bei der Planung bis zur Baureife zu gewinnen.\u201c 2017 h\u00e4tte die Stra\u00dfenbahn fertig gestellt werden sollen. Das ging schief. Friedl: \u201eNun gilt es Motivation und Schwung des Stadtratsbeschlusses f\u00fcr die Stra\u00dfenbahn vom Juni 2009 wieder aufzunehmen.\u201c Die Menschen, die am Hubland leben, arbeiten und studieren, sollten m\u00f6glichst schnell ihre Stra\u00dfenbahn bekommen &#8211; schneller, verl\u00e4sslicher und mit h\u00f6herer Kapazit\u00e4t als der Bus.<\/p>\n<p><!--more--><\/p>\n<p>Landtagsabgeordneter Friedl: \u201eWir vertrauen darauf, dass die Staatsregierung der Stadt W\u00fcrzburg sobald m\u00f6glich eine verbindliche Zusage zur F\u00f6rderquote macht.\u201c Vergleichbare Projekte, wie die Erlanger Stadt-Umland-Bahn oder die U-Bahn zum Universit\u00e4ts-Standort in Martinsried, haben hohe F\u00f6rderzusagen erhalten: Erlangen 90 Prozent und Martinsried 95 Prozent der zuwendungsf\u00e4higen Kosten. W\u00fcrzburg verkn\u00fcpfe mit der Stra\u00dfenbahnlinie 6 k\u00fcnftig schienengebunden Hochschulstandorte mit \u00fcber 35.000 Studierenden und \u00fcber 11.000 Besch\u00e4ftigten.<\/p>\n<p>Patrick Friedl: \u201eDie Linie 6 ist das Schl\u00fcsselprojekt f\u00fcr die weitere Verkehrswende in W\u00fcrzburg. Jetzt sind alle Beteiligten gefordert Hand in Hand zu arbeiten, um bei der Linie 6 jetzt Fahrt aufzunehmen.\u201c<\/p>\n<p class=\"x_MsoNormal\">Hieraus zitiert in dem <a href=\"https:\/\/www.mainpost.de\/regional\/wuerzburg\/reaktionen-zur-planung-der-neuen-straba-in-wuerzburg-art-10544884\">Mainpost-Artikel<\/a> vom 22.12.2020<\/p>\n<p class=\"x_MsoNormal\"><strong>Reaktionen zur Planung der neuen Straba in W\u00fcrzburg<\/strong> &#8211; Nach langer Pause kommt die Planung der Linie 6 ans Hubland jetzt voran. Warum das Industrie und Handel freut und wie Klimab\u00fcrgermeister Martin Heilig Tempo machen will [&#8230;].<\/p>\n<p class=\"x_MsoNormal\">\u00a0<\/p>\n<p>\u00a0<\/p>\n<p>\u00a0<\/p>\n<p>\u00a0<\/p>\n<p>\u00a0<\/p>\n<p>\u00a0<\/p>\n<p>\u00a0<\/p>\n<p>\u00a0<\/p>\n<p>\u00a0<\/p>\n<p>\u00a0<\/p>\n<p>\u00a0<\/p>\n<p>\u00a0<\/p>\n","protected":false},"excerpt":{"rendered":"<p>Am 28. Juni 2011 hat der Stadtrat erstmals die Planfeststellung der Stra\u00dfenbahnlinie 6 beantragt. Gestern wurde nach 9 \u00bd Jahren Planung endlich der Planfeststellungsbeschluss verk\u00fcndet. W\u00fcrzburger MdL Patrick Friedl: \u201eEndlich. [&hellip;]<\/p>\n","protected":false},"author":-1,"featured_media":298,"comment_status":"open","ping_status":"open","sticky":false,"template":"","format":"standard","meta":{"footnotes":""},"categories":[34],"tags":[],"class_list":["post-299","post","type-post","status-publish","format-standard","has-post-thumbnail","hentry","category-pressemitteilungen-stadtrat"],"_links":{"self":[{"href":"https:\/\/patrick-friedl.de\/wps\/wp-json\/wp\/v2\/posts\/299","targetHints":{"allow":["GET"]}}],"collection":[{"href":"https:\/\/patrick-friedl.de\/wps\/wp-json\/wp\/v2\/posts"}],"about":[{"href":"https:\/\/patrick-friedl.de\/wps\/wp-json\/wp\/v2\/types\/post"}],"author":[{"embeddable":true,"href":"https:\/\/patrick-friedl.de\/wps\/wp-json\/wp\/v2\/users\/2"}],"replies":[{"embeddable":true,"href":"https:\/\/patrick-friedl.de\/wps\/wp-json\/wp\/v2\/comments?post=299"}],"version-history":[{"count":0,"href":"https:\/\/patrick-friedl.de\/wps\/wp-json\/wp\/v2\/posts\/299\/revisions"}],"wp:featuredmedia":[{"embeddable":true,"href":"https:\/\/patrick-friedl.de\/wps\/wp-json\/wp\/v2\/media\/298"}],"wp:attachment":[{"href":"https:\/\/patrick-friedl.de\/wps\/wp-json\/wp\/v2\/media?parent=299"}],"wp:term":[{"taxonomy":"category","embeddable":true,"href":"https:\/\/patrick-friedl.de\/wps\/wp-json\/wp\/v2\/categories?post=299"},{"taxonomy":"post_tag","embeddable":true,"href":"https:\/\/patrick-friedl.de\/wps\/wp-json\/wp\/v2\/tags?post=299"}],"curies":[{"name":"wp","href":"https:\/\/api.w.org\/{rel}","templated":true}]}}