{"id":297,"date":"2021-02-11T00:00:00","date_gmt":"2021-02-11T00:00:00","guid":{"rendered":"https:\/\/patrick-friedl.de\/wps\/2021\/02\/11\/naturschutz-in-bayern-mauern-wegducken-verschleiern\/"},"modified":"2021-02-11T00:00:00","modified_gmt":"2021-02-11T00:00:00","slug":"naturschutz-in-bayern-mauern-wegducken-verschleiern","status":"publish","type":"post","link":"https:\/\/patrick-friedl.de\/wps\/2021\/02\/11\/naturschutz-in-bayern-mauern-wegducken-verschleiern\/","title":{"rendered":"Naturschutz in Bayern: Mauern, Wegducken, Verschleiern"},"content":{"rendered":"<p class=\"x_MsoNormal\"><b>Patrick Friedl kritisiert fehlenden Umsetzungswillen bei S\u00f6der und Glauber<\/b><\/p>\n<p class=\"x_MsoNormal\">\u00a0<img loading=\"lazy\" decoding=\"async\" class=\" size-full wp-image-296\" src=\"http:\/\/patrick-friedl.de\/wps\/wp-content\/uploads\/2021\/02\/csm_Baum_Wasser_Moor_web_edc957ac01.jpg\" alt=\"\" width=\"843\" height=\"472\" srcset=\"https:\/\/patrick-friedl.de\/wps\/wp-content\/uploads\/2021\/02\/csm_Baum_Wasser_Moor_web_edc957ac01.jpg 843w, https:\/\/patrick-friedl.de\/wps\/wp-content\/uploads\/2021\/02\/csm_Baum_Wasser_Moor_web_edc957ac01-300x168.jpg 300w, https:\/\/patrick-friedl.de\/wps\/wp-content\/uploads\/2021\/02\/csm_Baum_Wasser_Moor_web_edc957ac01-768x430.jpg 768w\" sizes=\"auto, (max-width: 843px) 100vw, 843px\" \/><\/p>\n<p class=\"x_MsoNormal\">\u201eAuch zwei Jahre nach dem erfolgreichen Volksbegehren Artenvielfalt (\u201eRettet die Bienen\u201c) fremdelt die S\u00f6der-Regierung mit dem neuen Naturschutzrecht\u201c, so der naturschutzpolitische Sprecher der Gr\u00fcnen-Landtagsfraktion Patrick Friedl. Obwohl seit August 2019 in Kraft sei eine konsequente Umsetzung nicht erkennbar. \u201eMauern, Wegducken und Verschleiern scheint die Devise. Von Ministerpr\u00e4sident S\u00f6ders und FW-Umweltminister Glaubers Vers\u00f6hnungsansatz ist bislang wenig zu sp\u00fcren. Der Biotopschutz bei den Streuobstwiesen wurde ausgehebelt, der Schutz der Gew\u00e4sserrandstreifen kommt nicht voran und der Biotopverbund bleibt vage, wie die j\u00fcngste Anfrage zeigt.\u201c<\/p>\n<p><!--more--><\/p>\n<p class=\"x_MsoNormal\">Zwar behaupte die S\u00f6der-Regierung \u2013 unter Zusammenrechnung nahezu aller greifbarer gesch\u00fctzten Fl\u00e4chen in Bayern \u2013 einen Biotopverbund auf neun Prozent der Landesfl\u00e4che erreicht zu haben. Patrick Friedl: \u201eAber genaue Daten hat sie dazu offenbar keine, null Informationen zu der Verteilung auf die Regierungsbezirke und auf die Frage nach den gr\u00f6\u00dften L\u00fccken antwortet das FW-Umweltministerium erst gar nicht.\u201c Da passe leider ins Bild, dass sich aktuell Landwirtschaftsministerin Kaniber r\u00fchmt, das geplante bundesdeutsche Insektenschutzgesetz praktisch verhindert zu haben. Patrick Friedl: \u201eMein Fazit: Auch zwei Jahre nach dem Artenschutz-Volksbegehren warten die Naturschutz-Aktiven auf einen wirklichen Aufbruch. W\u00e4hrend andere Bundesl\u00e4nder ihr Naturschutzrecht weiter entwickeln, bevorzugt die S\u00f6der-Regierung eher die Rolle r\u00fcckw\u00e4rts.\u201c<\/p>\n<p class=\"x_MsoNormal\">Die Pressemitteilung finden Sie auch auf der Homepage der <a href=\"https:\/\/www.gruene-fraktion-bayern.de\/themen\/umwelt-natur-und-klima\/2021\/gruene-fordern-konsequenten-naturschutz-in-bayern\/?L=0\" target=\"_blank\" rel=\"noopener noreferrer\">Gr\u00fcnen Landtagsfraktion<\/a>.\u00a0<\/p>\n<p class=\"x_MsoNormal\">Hieraus zitiert in dem <a href=\"https:\/\/www.mainpost.de\/ueberregional\/bayern\/naturschuetzer-drohen-mit-neuen-volksbegehren-art-10564889\" target=\"_blank\" rel=\"noopener noreferrer\">Mainpost-Artikel<\/a> vom 12. Februar 2021:<\/p>\n<p class=\"x_MsoNormal\"><b>Natursch\u00fctzer drohen mit neuen Volksbegehren <\/b>&#8211; Zwei Jahre nach &#8222;Rettet die Bienen&#8220; bem\u00e4ngeln Natursch\u00fctzer die \u00d6ko-Bilanz der S\u00f6der-Regierung. Der Schutz von Wald und Klima soll deshalb erneut die B\u00fcrger mobilisieren [&#8230;].<\/p>\n","protected":false},"excerpt":{"rendered":"<p>Patrick Friedl kritisiert fehlenden Umsetzungswillen bei S\u00f6der und Glauber \u00a0 \u201eAuch zwei Jahre nach dem erfolgreichen Volksbegehren Artenvielfalt (\u201eRettet die Bienen\u201c) fremdelt die S\u00f6der-Regierung mit dem neuen Naturschutzrecht\u201c, so der [&hellip;]<\/p>\n","protected":false},"author":-1,"featured_media":296,"comment_status":"open","ping_status":"open","sticky":false,"template":"","format":"standard","meta":{"footnotes":""},"categories":[32],"tags":[50],"class_list":["post-297","post","type-post","status-publish","format-standard","has-post-thumbnail","hentry","category-pressemitteilungen-naturschutz","tag-naturschutz"],"_links":{"self":[{"href":"https:\/\/patrick-friedl.de\/wps\/wp-json\/wp\/v2\/posts\/297","targetHints":{"allow":["GET"]}}],"collection":[{"href":"https:\/\/patrick-friedl.de\/wps\/wp-json\/wp\/v2\/posts"}],"about":[{"href":"https:\/\/patrick-friedl.de\/wps\/wp-json\/wp\/v2\/types\/post"}],"author":[{"embeddable":true,"href":"https:\/\/patrick-friedl.de\/wps\/wp-json\/wp\/v2\/users\/2"}],"replies":[{"embeddable":true,"href":"https:\/\/patrick-friedl.de\/wps\/wp-json\/wp\/v2\/comments?post=297"}],"version-history":[{"count":0,"href":"https:\/\/patrick-friedl.de\/wps\/wp-json\/wp\/v2\/posts\/297\/revisions"}],"wp:featuredmedia":[{"embeddable":true,"href":"https:\/\/patrick-friedl.de\/wps\/wp-json\/wp\/v2\/media\/296"}],"wp:attachment":[{"href":"https:\/\/patrick-friedl.de\/wps\/wp-json\/wp\/v2\/media?parent=297"}],"wp:term":[{"taxonomy":"category","embeddable":true,"href":"https:\/\/patrick-friedl.de\/wps\/wp-json\/wp\/v2\/categories?post=297"},{"taxonomy":"post_tag","embeddable":true,"href":"https:\/\/patrick-friedl.de\/wps\/wp-json\/wp\/v2\/tags?post=297"}],"curies":[{"name":"wp","href":"https:\/\/api.w.org\/{rel}","templated":true}]}}