{"id":294,"date":"2020-10-28T12:21:54","date_gmt":"2020-10-28T12:21:54","guid":{"rendered":"https:\/\/patrick-friedl.de\/wps\/2020\/10\/28\/natura-2000-endlich-wirksam-umsetzen\/"},"modified":"2020-10-28T12:21:54","modified_gmt":"2020-10-28T12:21:54","slug":"natura-2000-endlich-wirksam-umsetzen","status":"publish","type":"post","link":"https:\/\/patrick-friedl.de\/wps\/2020\/10\/28\/natura-2000-endlich-wirksam-umsetzen\/","title":{"rendered":"Natura 2000 &#8211; endlich wirksam umsetzen"},"content":{"rendered":"<p><strong>Patrick Friedl: M\u00fcssen Strafzahlungen durch EU-Vertragsverletzungsverfahren verhindern<\/strong><\/p>\n<p>Ein Gr\u00fcner Dringlichkeitsantrag zu Natura 2000 wurde im Plenum am 28.10.20 zum Europ\u00e4ischen Naturschutzrecht eingebracht. Natura 2000 ist ein zusammenh\u00e4ngendes Netz von Schutzgebieten innerhalb der Europ\u00e4ischen Union, das seit 1992 nach den Ma\u00dfgaben der Fauna-Flora-Habitat-Richtlinie errichtet wird. Sein Zweck ist der l\u00e4nder\u00fcbergreifende Schutz gef\u00e4hrdeter wildlebender heimischer Pflanzen- und Tierarten und ihrer nat\u00fcrlichen Lebensr\u00e4ume. Die Umsetzung auch in Bayern l\u00e4sst bisher allerdings zu w\u00fcnschen \u00fcbrig, so dass ein Vetragsverletzungsverfahren droht.<\/p>\n<p>Den Antrag lesen Sie auf der Homepage der <a href=\"https:\/\/www.gruene-fraktion-bayern.de\/themen\/umwelt-natur-und-klima\/2020\/natura-2000-endlich-wirksam-umsetzen\/?L=0\">[Gr\u00fcnen Landtagsfraktion]<\/a><\/p>\n","protected":false},"excerpt":{"rendered":"<p>Patrick Friedl: M\u00fcssen Strafzahlungen durch EU-Vertragsverletzungsverfahren verhindern Ein Gr\u00fcner Dringlichkeitsantrag zu Natura 2000 wurde im Plenum am 28.10.20 zum Europ\u00e4ischen Naturschutzrecht eingebracht. Natura 2000 ist ein zusammenh\u00e4ngendes Netz von Schutzgebieten [&hellip;]<\/p>\n","protected":false},"author":-1,"featured_media":0,"comment_status":"open","ping_status":"open","sticky":false,"template":"","format":"standard","meta":{"footnotes":""},"categories":[11],"tags":[50],"class_list":["post-294","post","type-post","status-publish","format-standard","hentry","category-naturschutz","tag-naturschutz"],"_links":{"self":[{"href":"https:\/\/patrick-friedl.de\/wps\/wp-json\/wp\/v2\/posts\/294","targetHints":{"allow":["GET"]}}],"collection":[{"href":"https:\/\/patrick-friedl.de\/wps\/wp-json\/wp\/v2\/posts"}],"about":[{"href":"https:\/\/patrick-friedl.de\/wps\/wp-json\/wp\/v2\/types\/post"}],"author":[{"embeddable":true,"href":"https:\/\/patrick-friedl.de\/wps\/wp-json\/wp\/v2\/users\/2"}],"replies":[{"embeddable":true,"href":"https:\/\/patrick-friedl.de\/wps\/wp-json\/wp\/v2\/comments?post=294"}],"version-history":[{"count":0,"href":"https:\/\/patrick-friedl.de\/wps\/wp-json\/wp\/v2\/posts\/294\/revisions"}],"wp:attachment":[{"href":"https:\/\/patrick-friedl.de\/wps\/wp-json\/wp\/v2\/media?parent=294"}],"wp:term":[{"taxonomy":"category","embeddable":true,"href":"https:\/\/patrick-friedl.de\/wps\/wp-json\/wp\/v2\/categories?post=294"},{"taxonomy":"post_tag","embeddable":true,"href":"https:\/\/patrick-friedl.de\/wps\/wp-json\/wp\/v2\/tags?post=294"}],"curies":[{"name":"wp","href":"https:\/\/api.w.org\/{rel}","templated":true}]}}