{"id":293,"date":"2020-10-22T19:45:28","date_gmt":"2020-10-22T18:45:28","guid":{"rendered":"https:\/\/patrick-friedl.de\/wps\/2020\/10\/22\/ausbau-wuerzburger-uniklinik-planungen-gehen-voran\/"},"modified":"2020-10-22T19:45:28","modified_gmt":"2020-10-22T18:45:28","slug":"ausbau-wuerzburger-uniklinik-planungen-gehen-voran","status":"publish","type":"post","link":"https:\/\/patrick-friedl.de\/wps\/2020\/10\/22\/ausbau-wuerzburger-uniklinik-planungen-gehen-voran\/","title":{"rendered":"Ausbau W\u00fcrzburger Uniklinik: Planungen gehen voran"},"content":{"rendered":"<p>Der Ausbau der W\u00fcrzburger Uniklinik war heute Thema im zust\u00e4ndigen Ausschu\u00dfes des Bayerischen Landtages. Der BR nahm dies zum Anlass, das Thema aufzugreifen.<\/p>\n<p>Den Artikel lesen Sie bitte <a href=\"https:\/\/www.br.de\/nachrichten\/bayern\/ausbau-wuerzburger-uniklinik-planungen-gehen-voran,SE2LooI\">[hier]<\/a><\/p>\n","protected":false},"excerpt":{"rendered":"<p>Der Ausbau der W\u00fcrzburger Uniklinik war heute Thema im zust\u00e4ndigen Ausschu\u00dfes des Bayerischen Landtages. Der BR nahm dies zum Anlass, das Thema aufzugreifen. Den Artikel lesen Sie bitte [hier]<\/p>\n","protected":false},"author":-1,"featured_media":0,"comment_status":"open","ping_status":"open","sticky":false,"template":"","format":"standard","meta":{"footnotes":""},"categories":[3],"tags":[],"class_list":["post-293","post","type-post","status-publish","format-standard","hentry","category-landtag"],"_links":{"self":[{"href":"https:\/\/patrick-friedl.de\/wps\/wp-json\/wp\/v2\/posts\/293","targetHints":{"allow":["GET"]}}],"collection":[{"href":"https:\/\/patrick-friedl.de\/wps\/wp-json\/wp\/v2\/posts"}],"about":[{"href":"https:\/\/patrick-friedl.de\/wps\/wp-json\/wp\/v2\/types\/post"}],"author":[{"embeddable":true,"href":"https:\/\/patrick-friedl.de\/wps\/wp-json\/wp\/v2\/users\/2"}],"replies":[{"embeddable":true,"href":"https:\/\/patrick-friedl.de\/wps\/wp-json\/wp\/v2\/comments?post=293"}],"version-history":[{"count":0,"href":"https:\/\/patrick-friedl.de\/wps\/wp-json\/wp\/v2\/posts\/293\/revisions"}],"wp:attachment":[{"href":"https:\/\/patrick-friedl.de\/wps\/wp-json\/wp\/v2\/media?parent=293"}],"wp:term":[{"taxonomy":"category","embeddable":true,"href":"https:\/\/patrick-friedl.de\/wps\/wp-json\/wp\/v2\/categories?post=293"},{"taxonomy":"post_tag","embeddable":true,"href":"https:\/\/patrick-friedl.de\/wps\/wp-json\/wp\/v2\/tags?post=293"}],"curies":[{"name":"wp","href":"https:\/\/api.w.org\/{rel}","templated":true}]}}