{"id":292,"date":"2020-10-06T07:03:58","date_gmt":"2020-10-06T06:03:58","guid":{"rendered":"https:\/\/patrick-friedl.de\/wps\/2020\/10\/06\/recyclingpapier-muss-standard-in-ministerien-werden\/"},"modified":"2020-10-06T07:03:58","modified_gmt":"2020-10-06T06:03:58","slug":"recyclingpapier-muss-standard-in-ministerien-werden","status":"publish","type":"post","link":"https:\/\/patrick-friedl.de\/wps\/2020\/10\/06\/recyclingpapier-muss-standard-in-ministerien-werden\/","title":{"rendered":"Recyclingpapier muss Standard in Ministerien werden"},"content":{"rendered":"<p><strong>Patrick Friedl fordert mehr Umweltschutz der Staatsregierung<\/strong><\/p>\n<p>Der Einsatz von Recyclingpapier in den Ministerien der S\u00f6der-Regierung ist weiterhin ungen\u00fcgend. Das zeigt eine aktuelle Anfrage (Anhang) des naturschutzpolitischen Sprechers der Landtags-Gr\u00fcnen Patrick Friedl. Im Jahr 2019 erreichte erstmals kein Ministerium mehr eine Quote von 100 Prozent Recyclingpapier. \u201eDas ist v\u00f6llig unverst\u00e4ndlich\u201c, so Patrick Friedl, \u201eder Einsatz von Recyclingpapier spart 60 Prozent Energie und ist effektiver Umweltschutz.\u201c<\/p>\n<p>Trotz einer Empfehlung des Bayerischen Landesamts f\u00fcr Umwelt sei der Einsatz von Recyclingpapier sogar in der Staatskanzlei von 71 Prozent im Jahr 2016 auf nur 54 Prozent im Jahr 2019 eingebrochen, kritisiert Patrick Friedl. \u201eDie schwarz-orange Staatsregierung will bis 2030 eine klimaneutrale Staatsverwaltung, doch im Detail hapert es ganz erheblich. Ministerpr\u00e4sident S\u00f6der sollte nicht B\u00e4ume umarmen, sondern B\u00e4ume schonen durch 100 Prozent Recyclingpapier in der Staatskanzlei.\u201c<\/p>\n<p>Die Ministerien stehen nicht besser da. Das Ministerium f\u00fcr Unterricht und Kultus empfiehlt den Schulen nachdr\u00fccklich, Recyclingpapier zu verwenden, kommt selbst aber nur auf eine Recyclingpapier-Quote von unter elf Prozent. Im Ministerium f\u00fcr Gesundheit und Pflege sind es aktuell sogar nur f\u00fcnf Prozent. Beim Papierverbrauch pro Kopf liegt das Justizministerium mit 47 Kilogramm vorn, es folgt die Staatskanzlei mit 42 Kilogramm und selbst das Digitalministerium kommt noch auf stolze 34 Kilogramm.<\/p>\n<p>\u201eDie schwarz-orange Regierung kommt ihren eigenen Vorgaben nicht nach\u201c, kritisiert Patrick Friedl. Die Bayerische Staatsregierung schreibe in Ihren Richtlinien zum Umweltschutz in Beh\u00f6rden (2014): Die Ber\u00fccksichtigung von Umweltaspekten bei der Beschaffung ist nicht Option oder gar vernachl\u00e4ssigbar, sondern rechtliche Pflicht. \u201eEs wird h\u00f6chste Zeit, dass sie dieser Pflicht auch nachkommt\u201c, so Patrick Friedl.<\/p>\n<p>Link: <a href=\"https:\/\/www.km.bayern.de\/lehrer\/meldung\/6507\/recyclingpapier-schont-die-umwelt.html\">https:\/\/www.km.bayern.de\/lehrer\/meldung\/6507\/recyclingpapier-schont-die-umwelt.html<\/a><\/p>\n<p>Hier der Link zur Anfrage der Gr\u00fcnen Landtagsfraktion: <a href=\"http:\/\/patrick-friedl.de\/wps\/wp-content\/uploads\/2020\/10\/2020-10-14_Anfrage_Papierverbrauch_Friedl_ua.pdf\">[Papierverbrauch]<\/a><\/p>\n<p>\u00a0<\/p>\n","protected":false},"excerpt":{"rendered":"<p>Patrick Friedl fordert mehr Umweltschutz der Staatsregierung Der Einsatz von Recyclingpapier in den Ministerien der S\u00f6der-Regierung ist weiterhin ungen\u00fcgend. Das zeigt eine aktuelle Anfrage (Anhang) des naturschutzpolitischen Sprechers der Landtags-Gr\u00fcnen [&hellip;]<\/p>\n","protected":false},"author":-1,"featured_media":0,"comment_status":"open","ping_status":"open","sticky":false,"template":"","format":"standard","meta":{"footnotes":""},"categories":[31],"tags":[],"class_list":["post-292","post","type-post","status-publish","format-standard","hentry","category-pressemitteilungen"],"_links":{"self":[{"href":"https:\/\/patrick-friedl.de\/wps\/wp-json\/wp\/v2\/posts\/292","targetHints":{"allow":["GET"]}}],"collection":[{"href":"https:\/\/patrick-friedl.de\/wps\/wp-json\/wp\/v2\/posts"}],"about":[{"href":"https:\/\/patrick-friedl.de\/wps\/wp-json\/wp\/v2\/types\/post"}],"author":[{"embeddable":true,"href":"https:\/\/patrick-friedl.de\/wps\/wp-json\/wp\/v2\/users\/2"}],"replies":[{"embeddable":true,"href":"https:\/\/patrick-friedl.de\/wps\/wp-json\/wp\/v2\/comments?post=292"}],"version-history":[{"count":0,"href":"https:\/\/patrick-friedl.de\/wps\/wp-json\/wp\/v2\/posts\/292\/revisions"}],"wp:attachment":[{"href":"https:\/\/patrick-friedl.de\/wps\/wp-json\/wp\/v2\/media?parent=292"}],"wp:term":[{"taxonomy":"category","embeddable":true,"href":"https:\/\/patrick-friedl.de\/wps\/wp-json\/wp\/v2\/categories?post=292"},{"taxonomy":"post_tag","embeddable":true,"href":"https:\/\/patrick-friedl.de\/wps\/wp-json\/wp\/v2\/tags?post=292"}],"curies":[{"name":"wp","href":"https:\/\/api.w.org\/{rel}","templated":true}]}}