{"id":290,"date":"2020-10-05T06:11:48","date_gmt":"2020-10-05T05:11:48","guid":{"rendered":"https:\/\/patrick-friedl.de\/wps\/2020\/10\/05\/mdl-friedl-spendet-an-wimu-wuf-bergwaldprojekt-und-station-regenbogen\/"},"modified":"2020-10-05T06:11:48","modified_gmt":"2020-10-05T05:11:48","slug":"mdl-friedl-spendet-an-wimu-wuf-bergwaldprojekt-und-station-regenbogen","status":"publish","type":"post","link":"https:\/\/patrick-friedl.de\/wps\/2020\/10\/05\/mdl-friedl-spendet-an-wimu-wuf-bergwaldprojekt-und-station-regenbogen\/","title":{"rendered":"MdL Friedl spendet an WiMu, WuF, Bergwaldprojekt und Station Regenbogen"},"content":{"rendered":"<p><strong>Patrick Friedl spendet Jahresbetrag seiner Di\u00e4tenerh\u00f6hung an vier W\u00fcrzburger Vereine<\/strong><\/p>\n<p>Der W\u00fcrzburger Abgeordnete im bayerischen Landtag, Patrick Friedl, spendet &#8211; auch anl\u00e4ss-lich seines 50. Geburtstags &#8211; mehr als seine Di\u00e4tenerh\u00f6hung f\u00fcr ein Jahr an vier W\u00fcrzburger Vereine. Er spendet an Willkommen mit Musik (WiMu e.V.), das schwulesbische Zentrum (WuF e.V.), ans Bergwaldprojekt und an die Elterninitiative leuk\u00e4mie- und tumorkranker Kin-der W\u00fcrzburg e.V. (\u201eStation Regenbogen\u201c) je 700 Euro.<\/p>\n<p>Patrick Friedl: \u201eViele Menschen in Bayern leiden bis heute unter den Einschr\u00e4nkungen in der Corona-Krise, darunter viele, die durch befristete Kurzarbeit oder sogar Jobverlust auch wirt-schaftlich in Not geraten sind.\u201c Die Landtags-Gr\u00fcnen h\u00e4tten sich daher geschlossen darauf verst\u00e4ndigt, ein Zeichen der Solidarit\u00e4t zu setzen und die Erh\u00f6hung der Abgeordnetenent-sch\u00e4digung an gemeinn\u00fctzige Organisationen zu spenden, so MdL Friedl. Die Abgeordne-tendi\u00e4ten wurden zum 1. Juli 2020 um 212 Euro pro Monat erh\u00f6ht. Dies entspricht einem Jahreserh\u00f6hungsbetrag bis Juni 2021 von 2.544 Euro. Friedl stockt diesen Betrag anl\u00e4sslich seines 50. Geburtstags auf 2.800 Euro auf und spendet ihn aufgeteilt an vier W\u00fcrzburger Vereine. Die Spende verband Friedl gleich mit einem Besuch bei den vier Vereinen.<\/p>\n<p><img loading=\"lazy\" decoding=\"async\" class=\" size-full wp-image-285\" src=\"http:\/\/patrick-friedl.de\/wps\/wp-content\/uploads\/2020\/10\/Spendenwand_.jpg\" alt=\"[Spendenwand der Elterninitiative mit L\u00fccke f\u00fcr die neue Spende - Foto: Patrick Fried\" width=\"553\" height=\"415\" srcset=\"https:\/\/patrick-friedl.de\/wps\/wp-content\/uploads\/2020\/10\/Spendenwand_.jpg 2309w, https:\/\/patrick-friedl.de\/wps\/wp-content\/uploads\/2020\/10\/Spendenwand_-300x225.jpg 300w, https:\/\/patrick-friedl.de\/wps\/wp-content\/uploads\/2020\/10\/Spendenwand_-1024x768.jpg 1024w, https:\/\/patrick-friedl.de\/wps\/wp-content\/uploads\/2020\/10\/Spendenwand_-768x576.jpg 768w, https:\/\/patrick-friedl.de\/wps\/wp-content\/uploads\/2020\/10\/Spendenwand_-1536x1152.jpg 1536w, https:\/\/patrick-friedl.de\/wps\/wp-content\/uploads\/2020\/10\/Spendenwand_-2048x1536.jpg 2048w\" sizes=\"auto, (max-width: 553px) 100vw, 553px\" \/><\/p>\n<p><strong><em>Spendenwand der Elterninitiative mit L\u00fccke f\u00fcr die neue Spende &#8211; Foto: Friedl<\/em><\/strong><\/p>\n<p><!--more--><\/p>\n<p>Die Elterninitiative leuk\u00e4mie- und tumorkranker Kinder W\u00fcrzburg e.V. begleitet mit ehren-amtlichem Engagement an Krebs erkrankte Kinder und deren Eltern in Zusammenarbeit mit dem Universit\u00e4tsklinikum auf dem Weg durch die Krankheit. \u201eMit Hilfe von Spendengeldern bieten wir unter anderem unbefristete, kostenfreie kliniknahe Elternwohnungen, finanzielle Unterst\u00fctzung und psychosoziale Betreuung und Nachsorge f\u00fcr betroffene Familien\u201c, be-schreibt die Vorsitzende Jana Lorenz-Eck das Engagement des Vereins. Patrick Friedl: \u201eDurch das Ausfallen des j\u00e4hrlichen Benefizkonzertes f\u00e4llt eine wichtige Einnahmequelle f\u00fcr die Be-treuung der Patienten auf den Stationen Regenbogen, Schatzinsel und Leuchtturm weg. Um-so wichtiger ist in diesen Zeiten die finanzielle Unterst\u00fctzung durch Spenden.\u201c<\/p>\n<p>\u00a0<img loading=\"lazy\" decoding=\"async\" class=\" size-full wp-image-286\" src=\"http:\/\/patrick-friedl.de\/wps\/wp-content\/uploads\/2020\/10\/Lorenz-Eck_-rotated.jpg\" alt=\"\" width=\"550\" height=\"734\" srcset=\"https:\/\/patrick-friedl.de\/wps\/wp-content\/uploads\/2020\/10\/Lorenz-Eck_-rotated.jpg 1732w, https:\/\/patrick-friedl.de\/wps\/wp-content\/uploads\/2020\/10\/Lorenz-Eck_-225x300.jpg 225w, https:\/\/patrick-friedl.de\/wps\/wp-content\/uploads\/2020\/10\/Lorenz-Eck_-768x1024.jpg 768w, https:\/\/patrick-friedl.de\/wps\/wp-content\/uploads\/2020\/10\/Lorenz-Eck_-1152x1536.jpg 1152w, https:\/\/patrick-friedl.de\/wps\/wp-content\/uploads\/2020\/10\/Lorenz-Eck_-1536x2048.jpg 1536w\" sizes=\"auto, (max-width: 550px) 100vw, 550px\" \/><\/p>\n<p><strong><em> Jana Lorenz-Eck und Patrick Friedl vor dem Eltern-Wohnhaus des Vereins &#8211; Foto: B\u00fcro Friedl<\/em> <\/strong><\/p>\n<p>Das schwulesbische Zentrum WuF e.V. dient als Treffpunkt und Beratungsstelle f\u00fcr die LGBTQIA+-Community allen Alters und bietet ein breites Angebot an Beratungen, Selbsthil-fetreffen, Kultur- und Unterhaltungsveranstaltungen wie Spieleabende, GayDisco und The-menabende und vielem mehr an. \u201eDas WuF-Zentrum leistet als niedrigschwellige Ansprech-stelle eine wichtige Beratungsfunktion. Auch hier m\u00fcssen viele der kulturellen Veranstaltun-gen coronabedingt ausfallen, weshalb der Verein akut Unterst\u00fctzungsbedarf hat\u201c, so Patrick Friedl.<\/p>\n<p><img loading=\"lazy\" decoding=\"async\" class=\" size-full wp-image-287\" src=\"http:\/\/patrick-friedl.de\/wps\/wp-content\/uploads\/2020\/10\/WuF_.jpg\" alt=\"\" width=\"551\" height=\"505\" srcset=\"https:\/\/patrick-friedl.de\/wps\/wp-content\/uploads\/2020\/10\/WuF_.jpg 2090w, https:\/\/patrick-friedl.de\/wps\/wp-content\/uploads\/2020\/10\/WuF_-300x275.jpg 300w, https:\/\/patrick-friedl.de\/wps\/wp-content\/uploads\/2020\/10\/WuF_-1024x937.jpg 1024w, https:\/\/patrick-friedl.de\/wps\/wp-content\/uploads\/2020\/10\/WuF_-768x703.jpg 768w, https:\/\/patrick-friedl.de\/wps\/wp-content\/uploads\/2020\/10\/WuF_-1536x1406.jpg 1536w, https:\/\/patrick-friedl.de\/wps\/wp-content\/uploads\/2020\/10\/WuF_-2048x1875.jpg 2048w\" sizes=\"auto, (max-width: 551px) 100vw, 551px\" \/><\/p>\n<p><strong><em>von links: Patrick Friedl, Andreas Haller, Bj\u00f6rn Soldner, Lisa Veigel und Gerald B\u00f6tsch &#8211; Foto: WuF e.V<\/em><\/strong><\/p>\n<p>Urspr\u00fcnglich entstanden aus einem spontanen Konzert von Gefl\u00fcchteten, arbeitet der Mu-sikschulverein WiMu e.V. jetzt mit vielen Menschen jeden Alters und jeder Herkunft zusam-men, um ihnen zu erm\u00f6glichen, kostenlos Musik zu machen. Gesch\u00e4ftsf\u00fchrer Jonas Hermes: \u201eUnser Motto hei\u00dft: \u201aWeil Musik f\u00fcr alle ist.\u2018 Wir freuen uns \u00fcber jede Unterst\u00fctzung.\u201c Mo-mentan ist der Verein untergebracht in einem Haus der Schwestern des Erl\u00f6sers, das aber einigen Sanierungsbedarf hat. \u201eDer WiMu e.V. bietet vielen Menschen die M\u00f6glichkeit, am kulturellen Leben teilzuhaben. Die Sanierung des Hauses schafft die Grundlage f\u00fcr einen Mu-sikschulbetrieb unter Corona-Bedingungen.\u201c<\/p>\n<p><img loading=\"lazy\" decoding=\"async\" class=\" size-full wp-image-288\" src=\"http:\/\/patrick-friedl.de\/wps\/wp-content\/uploads\/2020\/10\/WiMu_.jpg\" alt=\"\" width=\"548\" height=\"412\" srcset=\"https:\/\/patrick-friedl.de\/wps\/wp-content\/uploads\/2020\/10\/WiMu_.jpg 2309w, https:\/\/patrick-friedl.de\/wps\/wp-content\/uploads\/2020\/10\/WiMu_-300x225.jpg 300w, https:\/\/patrick-friedl.de\/wps\/wp-content\/uploads\/2020\/10\/WiMu_-1024x768.jpg 1024w, https:\/\/patrick-friedl.de\/wps\/wp-content\/uploads\/2020\/10\/WiMu_-768x576.jpg 768w, https:\/\/patrick-friedl.de\/wps\/wp-content\/uploads\/2020\/10\/WiMu_-1536x1152.jpg 1536w, https:\/\/patrick-friedl.de\/wps\/wp-content\/uploads\/2020\/10\/WiMu_-2048x1536.jpg 2048w\" sizes=\"auto, (max-width: 548px) 100vw, 548px\" \/><\/p>\n<p><strong><em>Jonas Hermes und Patrick Friedl im Haus des WiMu e.V. &#8211; Foto: Friedl<\/em><\/strong><\/p>\n<p>Das Bergwaldprojekt setzt sich gemeinsam mit seinen Projektpartnern f\u00fcr den Schutz, Erhalt und die Pflege des Waldes ein und arbeitet mit Freiwilligen und Ehrenamtlichen in W\u00e4ldern, Biotopen und Mooren in ganz Deutschland, um diese \u00d6kosysteme und deren vielf\u00e4ltige Funktionen zu erhalten. Allein in diesem Jahr hat der Verein 400.000 B\u00e4ume in den vom Kli-mawandel gezeichneten heimischen W\u00e4ldern gepflanzt. Gleichzeitig m\u00f6chte er der \u00d6ffent-lichkeit die Bedeutung des Waldes als Lebensgrundlage und dessen Gef\u00e4hrdungen n\u00e4her-bringen. Patrick Friedl: \u201eIch freue mich, dass die au\u00dferordentliche und unterst\u00fctzenswerte ehrenamtliche Arbeit, die das Bergwaldprojekt leistet, diesen Sommer unter Auflagen wie-der anlaufen konnte.\u201c Gesch\u00e4ftsf\u00fchrer Stephen Wehner freut sich \u00fcber die solidarische Un-terst\u00fctzung: &#8222;Patrick Friedl unterst\u00fctzt mit seiner Spende unsere Ma\u00dfnahmen zur \u00f6kologi-schen Stabilisierung der W\u00e4lder und setzt damit ein Zeichen der Solidarit\u00e4t. Nur so werden wir die gro\u00dfen Herausforderungen unserer Zeit bew\u00e4ltigen k\u00f6nnen.&#8220;<\/p>\n<p><img loading=\"lazy\" decoding=\"async\" class=\" size-full wp-image-289\" src=\"http:\/\/patrick-friedl.de\/wps\/wp-content\/uploads\/2020\/10\/Bergwaldprojekt_.jpg\" alt=\"\" width=\"551\" height=\"414\" srcset=\"https:\/\/patrick-friedl.de\/wps\/wp-content\/uploads\/2020\/10\/Bergwaldprojekt_.jpg 2309w, https:\/\/patrick-friedl.de\/wps\/wp-content\/uploads\/2020\/10\/Bergwaldprojekt_-300x225.jpg 300w, https:\/\/patrick-friedl.de\/wps\/wp-content\/uploads\/2020\/10\/Bergwaldprojekt_-1024x768.jpg 1024w, https:\/\/patrick-friedl.de\/wps\/wp-content\/uploads\/2020\/10\/Bergwaldprojekt_-768x576.jpg 768w, https:\/\/patrick-friedl.de\/wps\/wp-content\/uploads\/2020\/10\/Bergwaldprojekt_-1536x1152.jpg 1536w, https:\/\/patrick-friedl.de\/wps\/wp-content\/uploads\/2020\/10\/Bergwaldprojekt_-2048x1536.jpg 2048w\" sizes=\"auto, (max-width: 551px) 100vw, 551px\" \/><\/p>\n<p><strong><em>Stephen Wehner und Patrick Friedl vor dem Zollhaus in dem der Verein seinen Sitz hat &#8211; Foto: Anne Range<\/em><\/strong><\/p>\n<p><a href=\"https:\/\/www.mainpost.de\/regional\/wuerzburg\/abgeordneter-friedl-spendet-an-wimu-wuf-bergwaldprojekt-und-station-regenbogen;art735,10509618\">Link zum Bericht in der MAINPOST<\/a><\/p>\n","protected":false},"excerpt":{"rendered":"<p>Patrick Friedl spendet Jahresbetrag seiner Di\u00e4tenerh\u00f6hung an vier W\u00fcrzburger Vereine Der W\u00fcrzburger Abgeordnete im bayerischen Landtag, Patrick Friedl, spendet &#8211; auch anl\u00e4ss-lich seines 50. Geburtstags &#8211; mehr als seine Di\u00e4tenerh\u00f6hung [&hellip;]<\/p>\n","protected":false},"author":-1,"featured_media":285,"comment_status":"open","ping_status":"open","sticky":false,"template":"","format":"standard","meta":{"footnotes":""},"categories":[34],"tags":[],"class_list":["post-290","post","type-post","status-publish","format-standard","has-post-thumbnail","hentry","category-pressemitteilungen-stadtrat"],"_links":{"self":[{"href":"https:\/\/patrick-friedl.de\/wps\/wp-json\/wp\/v2\/posts\/290","targetHints":{"allow":["GET"]}}],"collection":[{"href":"https:\/\/patrick-friedl.de\/wps\/wp-json\/wp\/v2\/posts"}],"about":[{"href":"https:\/\/patrick-friedl.de\/wps\/wp-json\/wp\/v2\/types\/post"}],"author":[{"embeddable":true,"href":"https:\/\/patrick-friedl.de\/wps\/wp-json\/wp\/v2\/users\/2"}],"replies":[{"embeddable":true,"href":"https:\/\/patrick-friedl.de\/wps\/wp-json\/wp\/v2\/comments?post=290"}],"version-history":[{"count":0,"href":"https:\/\/patrick-friedl.de\/wps\/wp-json\/wp\/v2\/posts\/290\/revisions"}],"wp:featuredmedia":[{"embeddable":true,"href":"https:\/\/patrick-friedl.de\/wps\/wp-json\/wp\/v2\/media\/285"}],"wp:attachment":[{"href":"https:\/\/patrick-friedl.de\/wps\/wp-json\/wp\/v2\/media?parent=290"}],"wp:term":[{"taxonomy":"category","embeddable":true,"href":"https:\/\/patrick-friedl.de\/wps\/wp-json\/wp\/v2\/categories?post=290"},{"taxonomy":"post_tag","embeddable":true,"href":"https:\/\/patrick-friedl.de\/wps\/wp-json\/wp\/v2\/tags?post=290"}],"curies":[{"name":"wp","href":"https:\/\/api.w.org\/{rel}","templated":true}]}}