{"id":2602,"date":"2025-09-29T01:41:20","date_gmt":"2025-09-29T00:41:20","guid":{"rendered":"https:\/\/patrick-friedl.de\/wps\/?p=2602"},"modified":"2025-09-29T09:33:57","modified_gmt":"2025-09-29T08:33:57","slug":"sichere-jobs-und-kuenstliche-intelligenz","status":"publish","type":"post","link":"https:\/\/patrick-friedl.de\/wps\/2025\/09\/29\/sichere-jobs-und-kuenstliche-intelligenz\/","title":{"rendered":"Sichere Jobs und K\u00fcnstliche Intelligenz"},"content":{"rendered":"\n<p><strong>Gr\u00fcnen-MdL Eva Lettenbauer und Patrick Friedl laden zu Podiumsgespr\u00e4ch in die Aula des MOZ<\/strong><br>(Mozartareal) in der Hofstra\u00dfe 11 in W\u00fcrzburg. <\/p>\n\n\n\n<p>Die Gr\u00fcne Landtagsfraktion l\u00e4dt am Mittwoch, 1. Oktober, um 19 Uhr in die Aula des MOZ in der Hofstra\u00dfe 11 in W\u00fcrzburg. Die beiden Landtagsabgeordneten Eva Lettenbauer (Landesvorsitzende der Gr\u00fcnen) und Patrick Friedl aus W\u00fcrzburg begr\u00fc\u00dfen zu einem Podiumsgespr\u00e4ch zu &#8222;Sichere Jobs und K\u00fcnstliche Intelligenz&#8220; Prof. Dr. Doris Aschenbrenner von der Hochschule Aalen die zu \u201eDigitalen Methoden in der Produktion\u201c forscht, Dr. Lukas Kagerbauer, stellvertretender Hauptgesch\u00e4ftsf\u00fchrer IHK W\u00fcrzburg-Schweinfurt und auch t\u00e4tig am Lehrstuhl f\u00fcr \u00d6konometrie der Universit\u00e4t W\u00fcrzburg, sowie Dr. Gunther Schunk, in der Unternehmenskommunikation und Mitglied der Gesch\u00e4ftsleitung der Vogel Communication Group.<\/p>\n\n\n\n<p>Im Mittelpunkt des Gespr\u00e4chs und der Diskussion mit dem Publikum soll die Ver\u00e4nderung der Berufswelt durch K\u00fcnstliche Intelligenz (KI), deren Auswirkungen auf die Arbeitsprozesse, Arbeitsplatzsicherheit sowie auf die n\u00f6tigen Wandlungen und Anpassungen in der Arbeitswelt von morgen stehen. Dabei soll die Region W\u00fcrzburg Stadt und Land sowie Unterfranken besonders in den Blick genommen werden, so MdL Patrick Friedl. Einlass ist ab 18:30 Uhr. Im Anschluss an das Podiumsgespr\u00e4ch gibt es einen kleinen Steh-Empfang im Foyer des MOZ mit Essen und Getr\u00e4nken.<\/p>\n\n\n\n<p><\/p>\n","protected":false},"excerpt":{"rendered":"<p>Gr\u00fcnen-MdL Eva Lettenbauer und Patrick Friedl laden zu Podiumsgespr\u00e4ch in die Aula des MOZ(Mozartareal) in der Hofstra\u00dfe 11 in W\u00fcrzburg. Die Gr\u00fcne Landtagsfraktion l\u00e4dt am Mittwoch, 1. Oktober, um 19 [&hellip;]<\/p>\n","protected":false},"author":-1,"featured_media":2621,"comment_status":"closed","ping_status":"closed","sticky":false,"template":"","format":"standard","meta":{"footnotes":""},"categories":[1],"tags":[],"class_list":["post-2602","post","type-post","status-publish","format-standard","has-post-thumbnail","hentry","category-sonstiges"],"_links":{"self":[{"href":"https:\/\/patrick-friedl.de\/wps\/wp-json\/wp\/v2\/posts\/2602","targetHints":{"allow":["GET"]}}],"collection":[{"href":"https:\/\/patrick-friedl.de\/wps\/wp-json\/wp\/v2\/posts"}],"about":[{"href":"https:\/\/patrick-friedl.de\/wps\/wp-json\/wp\/v2\/types\/post"}],"author":[{"embeddable":true,"href":"https:\/\/patrick-friedl.de\/wps\/wp-json\/wp\/v2\/users\/2"}],"replies":[{"embeddable":true,"href":"https:\/\/patrick-friedl.de\/wps\/wp-json\/wp\/v2\/comments?post=2602"}],"version-history":[{"count":4,"href":"https:\/\/patrick-friedl.de\/wps\/wp-json\/wp\/v2\/posts\/2602\/revisions"}],"predecessor-version":[{"id":2622,"href":"https:\/\/patrick-friedl.de\/wps\/wp-json\/wp\/v2\/posts\/2602\/revisions\/2622"}],"wp:featuredmedia":[{"embeddable":true,"href":"https:\/\/patrick-friedl.de\/wps\/wp-json\/wp\/v2\/media\/2621"}],"wp:attachment":[{"href":"https:\/\/patrick-friedl.de\/wps\/wp-json\/wp\/v2\/media?parent=2602"}],"wp:term":[{"taxonomy":"category","embeddable":true,"href":"https:\/\/patrick-friedl.de\/wps\/wp-json\/wp\/v2\/categories?post=2602"},{"taxonomy":"post_tag","embeddable":true,"href":"https:\/\/patrick-friedl.de\/wps\/wp-json\/wp\/v2\/tags?post=2602"}],"curies":[{"name":"wp","href":"https:\/\/api.w.org\/{rel}","templated":true}]}}