{"id":254,"date":"2020-07-06T09:56:37","date_gmt":"2020-07-06T08:56:37","guid":{"rendered":"https:\/\/patrick-friedl.de\/wps\/2020\/07\/06\/was-macht-die-artenvielfalt\/"},"modified":"2020-07-06T09:56:37","modified_gmt":"2020-07-06T08:56:37","slug":"was-macht-die-artenvielfalt","status":"publish","type":"post","link":"https:\/\/patrick-friedl.de\/wps\/2020\/07\/06\/was-macht-die-artenvielfalt\/","title":{"rendered":"Was macht die Artenvielfalt?"},"content":{"rendered":"<p>Ein Jahr nach dem Volksbegehren Artenvielfalt zieht die Mainpost eine ern\u00fcchternde Zwischenbilanz. Auch MdL Friedl \u00e4u\u00dferte Kritik an der Umsetzung des Volksbegehrens: &#8222;Bereits 2008 habe die Bayerische Biodiversit\u00e4tsstrategie festgelegt \u201eBis zum Jahr 2020 soll die biologische Vielfalt in Agrar\u00f6kosystemen wieder deutlich erh\u00f6ht werden.\u201c Das genaue Gegenteil sei passiert, so der Gr\u00fcnen-Abgeordnete. \u201eUnd trotzdem hat der neue Umweltminister nichts Besseres zu tun, als das neue Artenschutzrecht gleich wieder auszuh\u00f6hlen, wie mit der Streuobstwiesenverordnung passiert.\u201c Den Bericht der Mainpost lesen Sie bitte <a href=\"https:\/\/www.mainpost.de\/regional\/wuerzburg\/ein-jahr-volksbegehren-artenvielfalt-blueht-die-region-jetzt-auf;art735,10467706\">[hier]<\/a><\/p>\n","protected":false},"excerpt":{"rendered":"<p>Ein Jahr nach dem Volksbegehren Artenvielfalt zieht die Mainpost eine ern\u00fcchternde Zwischenbilanz. Auch MdL Friedl \u00e4u\u00dferte Kritik an der Umsetzung des Volksbegehrens: &#8222;Bereits 2008 habe die Bayerische Biodiversit\u00e4tsstrategie festgelegt \u201eBis [&hellip;]<\/p>\n","protected":false},"author":-1,"featured_media":253,"comment_status":"open","ping_status":"open","sticky":false,"template":"","format":"standard","meta":{"footnotes":""},"categories":[3],"tags":[],"class_list":["post-254","post","type-post","status-publish","format-standard","has-post-thumbnail","hentry","category-landtag"],"_links":{"self":[{"href":"https:\/\/patrick-friedl.de\/wps\/wp-json\/wp\/v2\/posts\/254","targetHints":{"allow":["GET"]}}],"collection":[{"href":"https:\/\/patrick-friedl.de\/wps\/wp-json\/wp\/v2\/posts"}],"about":[{"href":"https:\/\/patrick-friedl.de\/wps\/wp-json\/wp\/v2\/types\/post"}],"author":[{"embeddable":true,"href":"https:\/\/patrick-friedl.de\/wps\/wp-json\/wp\/v2\/users\/2"}],"replies":[{"embeddable":true,"href":"https:\/\/patrick-friedl.de\/wps\/wp-json\/wp\/v2\/comments?post=254"}],"version-history":[{"count":0,"href":"https:\/\/patrick-friedl.de\/wps\/wp-json\/wp\/v2\/posts\/254\/revisions"}],"wp:featuredmedia":[{"embeddable":true,"href":"https:\/\/patrick-friedl.de\/wps\/wp-json\/wp\/v2\/media\/253"}],"wp:attachment":[{"href":"https:\/\/patrick-friedl.de\/wps\/wp-json\/wp\/v2\/media?parent=254"}],"wp:term":[{"taxonomy":"category","embeddable":true,"href":"https:\/\/patrick-friedl.de\/wps\/wp-json\/wp\/v2\/categories?post=254"},{"taxonomy":"post_tag","embeddable":true,"href":"https:\/\/patrick-friedl.de\/wps\/wp-json\/wp\/v2\/tags?post=254"}],"curies":[{"name":"wp","href":"https:\/\/api.w.org\/{rel}","templated":true}]}}