{"id":252,"date":"2020-07-01T12:28:58","date_gmt":"2020-07-01T11:28:58","guid":{"rendered":"https:\/\/patrick-friedl.de\/wps\/2020\/07\/01\/hitzeaktionsplanung-in-bayern-umsetzen\/"},"modified":"2020-07-01T12:28:58","modified_gmt":"2020-07-01T11:28:58","slug":"hitzeaktionsplanung-in-bayern-umsetzen","status":"publish","type":"post","link":"https:\/\/patrick-friedl.de\/wps\/2020\/07\/01\/hitzeaktionsplanung-in-bayern-umsetzen\/","title":{"rendered":"Hitzeaktionsplanung in Bayern umsetzen"},"content":{"rendered":"<p><span style=\"font-size: 10pt;\"><strong>Gr\u00fcner Antrag im Umweltausschuss \u2013 Patrick Friedl: M\u00fcssen Auswirkungen der Hitzewellen f\u00fcr alle m\u00f6glichst vertr\u00e4glich halten M\u00fcnchen<\/strong><\/span><\/p>\n<p>Die Landtags-Gr\u00fcnen fordern einen Hitzeaktionsplan f\u00fcr Bayern, der sowohl kurzfristig umsetzbare Aktivit\u00e4ten (Einrichten von Kommunikationswegen, Etablierung des Hitzewarnsystems) als auch l\u00e4ngerfristig umsetzbare Aktivit\u00e4ten (stadtplanerische Ma\u00dfnahmen, Einrichtung eines zeitnahen Monitorings) umfasst. \u201eWir m\u00fcssen unsere Kommunen bei der Hitzeaktionsplanung unterst\u00fctzen und d\u00fcrfen sie wortw\u00f6rtlich nicht in der prallen Sonne stehen lassen\u201c, erkl\u00e4rt der Sprecher f\u00fcr Klimaanpassung Patrick Friedl. \u201eTrotz der Hitzesommer 2018 und 2019 hat die S\u00f6der-Regierung noch keinen Finger ger\u00fchrt. Wir m\u00fcssen die Auswirkungen der Hitze f\u00fcr alle m\u00f6glichst vertr\u00e4glich halten.\u201c<\/p>\n<p><!--more--><\/p>\n<p>Hitzewellen in St\u00e4dten und Gemeinden werden in Zeiten der Klima\u00fcberhitzung immer wahrscheinlicher. Gerade f\u00fcr gef\u00e4hrdete Personen birgt dies gro\u00dfe Gefahren. Studien belegen, dass solche Hitzeperioden zu mehreren Tausend vorzeitigen Todesf\u00e4llen in Deutschland f\u00fchren k\u00f6nnen. Bisher sammelt Bayern hier keine eigenen Daten. Allerdings haben die WHO und eine Bund-L\u00e4nder-Ad-hoc-Arbeitsgruppe unter bayerischer Beteiligung die L\u00e4nder dringend zur Einrichtung von Landes-Koordinierungsstellen aufgerufen. Eine gr\u00fcne Anfrage (Anhang) zeigt, dass die S\u00f6der-Regierung hier \u201ev\u00f6llig unt\u00e4tig bleibt, die Kommunen allein l\u00e4sst und jede finanzielle Unterst\u00fctzung verweigert.\u201c<\/p>\n<p>Patrick Friedl fordert einen interministeriellen Planungsstab, eine Kartierung der Risikogebiete sowie eine finanzielle F\u00f6rderung und staatliche Beratung der Kommunen zu Hitzeaktionspl\u00e4nen: \u201eDie Klima\u00fcberhitzung ist real und wir m\u00fcssen uns mit entsprechenden Pr\u00e4ventionsma\u00dfnahmen davor sch\u00fctzen und Todesf\u00e4lle durch Hitze vermeiden.\u201c<\/p>\n<p>Der gr\u00fcne Antrag wird am Donnerstag, 2. Juli 2020, ab 9.15 Uhr, im Ausschuss f\u00fcr Umwelt und Verbraucherschutz behandelt.<\/p>\n<p><a href=\"http:\/\/patrick-friedl.de\/wps\/wp-content\/uploads\/2020\/07\/20-07-01_Antrag_Hitzeaktionsplanung.pdf\">Antrag Hitzeaktionsplanung<\/a><\/p>\n<p><a href=\"http:\/\/patrick-friedl.de\/wps\/wp-content\/uploads\/2020\/07\/20-07-01_Anfrage_Friedl.pdf\">Anfrage Friedl<\/a><\/p>\n","protected":false},"excerpt":{"rendered":"<p>Gr\u00fcner Antrag im Umweltausschuss \u2013 Patrick Friedl: M\u00fcssen Auswirkungen der Hitzewellen f\u00fcr alle m\u00f6glichst vertr\u00e4glich halten M\u00fcnchen Die Landtags-Gr\u00fcnen fordern einen Hitzeaktionsplan f\u00fcr Bayern, der sowohl kurzfristig umsetzbare Aktivit\u00e4ten (Einrichten [&hellip;]<\/p>\n","protected":false},"author":-1,"featured_media":0,"comment_status":"open","ping_status":"open","sticky":false,"template":"","format":"standard","meta":{"footnotes":""},"categories":[31],"tags":[],"class_list":["post-252","post","type-post","status-publish","format-standard","hentry","category-pressemitteilungen"],"_links":{"self":[{"href":"https:\/\/patrick-friedl.de\/wps\/wp-json\/wp\/v2\/posts\/252","targetHints":{"allow":["GET"]}}],"collection":[{"href":"https:\/\/patrick-friedl.de\/wps\/wp-json\/wp\/v2\/posts"}],"about":[{"href":"https:\/\/patrick-friedl.de\/wps\/wp-json\/wp\/v2\/types\/post"}],"author":[{"embeddable":true,"href":"https:\/\/patrick-friedl.de\/wps\/wp-json\/wp\/v2\/users\/2"}],"replies":[{"embeddable":true,"href":"https:\/\/patrick-friedl.de\/wps\/wp-json\/wp\/v2\/comments?post=252"}],"version-history":[{"count":0,"href":"https:\/\/patrick-friedl.de\/wps\/wp-json\/wp\/v2\/posts\/252\/revisions"}],"wp:attachment":[{"href":"https:\/\/patrick-friedl.de\/wps\/wp-json\/wp\/v2\/media?parent=252"}],"wp:term":[{"taxonomy":"category","embeddable":true,"href":"https:\/\/patrick-friedl.de\/wps\/wp-json\/wp\/v2\/categories?post=252"},{"taxonomy":"post_tag","embeddable":true,"href":"https:\/\/patrick-friedl.de\/wps\/wp-json\/wp\/v2\/tags?post=252"}],"curies":[{"name":"wp","href":"https:\/\/api.w.org\/{rel}","templated":true}]}}