{"id":249,"date":"2020-07-01T15:24:16","date_gmt":"2020-07-01T14:24:16","guid":{"rendered":"https:\/\/patrick-friedl.de\/wps\/2020\/07\/01\/online-seminar-hitze-bedroht-teil-2\/"},"modified":"2020-07-01T15:24:16","modified_gmt":"2020-07-01T14:24:16","slug":"online-seminar-hitze-bedroht-teil-2","status":"publish","type":"post","link":"https:\/\/patrick-friedl.de\/wps\/2020\/07\/01\/online-seminar-hitze-bedroht-teil-2\/","title":{"rendered":"Online-Seminar Hitze bedroht, Teil 2"},"content":{"rendered":"<p>Am Freitag, 3. Juli, findet der 2. Teil des Seminars zum Thema &#8222;Hitze bedroht&#8220; statt. Zwischen 14:00 und 15:30 diskutieren und informieren folgende G\u00e4ste umfangreich zu diesem so aktuellen Thema:<\/p>\n<p><strong>Prof. Dr. med. Christoph Maack vom Deutschen Zentrum f\u00fcr Herzinsuffizienz W\u00fcrzburg und der gesundheitspolitischen Sprecherin der Gr\u00fcnen Landtagsfraktion Christina Haubrich, MdL<\/strong><\/p>\n<p>Im ersten Teil ging es um die sp\u00fcr- und messbare Klima\u00fcberhitzung in unserer Region in den letzten Jahren und Jahrzehnten. Dieser kann hier nochmals angesehen werden: <a href=\"http:\/\/www.youtube.com\/watch?v=ZFYRN9bWtMw\">[link]<\/a><\/p>\n<p><!--more--><\/p>\n<p>Im nun folgenden zweiten Teil geht es im Gespr\u00e4ch mit Prof. Dr. med. Christoph Maack vom DZHI und meiner Kollegin und Gesundheitspolitikerin MdL Christina Haubrich um die gesundheitlichen Folgen und Auswirkungen der Hitze auf uns Menschen.<\/p>\n<p>Mittlerweile scheint es normal zu werden, dass wir es mit Hitzeperioden von ungew\u00f6hnlicher Intensit\u00e4t, Dauer und zum Teil Rekordwerten zu tun bekommen. Schon f\u00fcr gesundheitlich kaum vorbelastete Menschen oft schwer ertr\u00e4glich und lebenseinschr\u00e4nkend, ist die neue Hitze \u00c4ltere, Kranke, Pflegebed\u00fcrftige, Menschen mit schweren Behinderungen und Kinder oftmals sehr bedrohlich zum Teil sogar lebensgef\u00e4hrlich. Erstmals haben wir 2003 einen solchen Hitzesommer erlebt. Was als Jahrhundert-Ereignis galt, hat sich aber in kurzer Zeit in den Jahren 2015, 2018 und 2019 wiederholt.<\/p>\n<p>Wir m\u00fcssen also dar\u00fcber reden und wir m\u00fcssen Handeln. Wir m\u00fcssen uns auf die Klima\u00fcberhitzung einstellen, uns dem Klimawandel anpassen und unsere Lebensr\u00e4ume auf Hitze und starke Temperatur-Schwankungen einrichten (mit Abschattung, K\u00fchlung durch Begr\u00fcnung u.\u00c4. und n\u00f6tigenfalls Klimatisierung). Neben den dringend n\u00f6tigen Klimaschutzma\u00dfnahmen ist die Anpassung an den Klimawandel die gr\u00f6\u00dfte Herausforderung, politisch und vor allem dann in der tats\u00e4chlichen Umsetzung.<\/p>\n<p>Mehr zur Veranstaltung finden Sie auch auf der Seite der Gr\u00fcnen Fraktion im <a href=\"https:\/\/www.gruene-fraktion-bayern.de\/termine\/2020\/webinar-hitze-bedroht-gesundheitliche-folgen-der-klimaueberhitzung\">[Bayerischen Landtag]<\/a><\/p>\n<p>Zur Anmeldung klicken Sie bitte <a href=\"https:\/\/attendee.gotowebinar.com\/register\/9091088001106209039\">[hier]<\/a><\/p>\n","protected":false},"excerpt":{"rendered":"<p>Am Freitag, 3. Juli, findet der 2. Teil des Seminars zum Thema &#8222;Hitze bedroht&#8220; statt. Zwischen 14:00 und 15:30 diskutieren und informieren folgende G\u00e4ste umfangreich zu diesem so aktuellen Thema: [&hellip;]<\/p>\n","protected":false},"author":-1,"featured_media":248,"comment_status":"open","ping_status":"open","sticky":false,"template":"","format":"standard","meta":{"footnotes":""},"categories":[3],"tags":[],"class_list":["post-249","post","type-post","status-publish","format-standard","has-post-thumbnail","hentry","category-landtag"],"_links":{"self":[{"href":"https:\/\/patrick-friedl.de\/wps\/wp-json\/wp\/v2\/posts\/249","targetHints":{"allow":["GET"]}}],"collection":[{"href":"https:\/\/patrick-friedl.de\/wps\/wp-json\/wp\/v2\/posts"}],"about":[{"href":"https:\/\/patrick-friedl.de\/wps\/wp-json\/wp\/v2\/types\/post"}],"author":[{"embeddable":true,"href":"https:\/\/patrick-friedl.de\/wps\/wp-json\/wp\/v2\/users\/2"}],"replies":[{"embeddable":true,"href":"https:\/\/patrick-friedl.de\/wps\/wp-json\/wp\/v2\/comments?post=249"}],"version-history":[{"count":0,"href":"https:\/\/patrick-friedl.de\/wps\/wp-json\/wp\/v2\/posts\/249\/revisions"}],"wp:featuredmedia":[{"embeddable":true,"href":"https:\/\/patrick-friedl.de\/wps\/wp-json\/wp\/v2\/media\/248"}],"wp:attachment":[{"href":"https:\/\/patrick-friedl.de\/wps\/wp-json\/wp\/v2\/media?parent=249"}],"wp:term":[{"taxonomy":"category","embeddable":true,"href":"https:\/\/patrick-friedl.de\/wps\/wp-json\/wp\/v2\/categories?post=249"},{"taxonomy":"post_tag","embeddable":true,"href":"https:\/\/patrick-friedl.de\/wps\/wp-json\/wp\/v2\/tags?post=249"}],"curies":[{"name":"wp","href":"https:\/\/api.w.org\/{rel}","templated":true}]}}