{"id":247,"date":"2020-06-22T13:40:11","date_gmt":"2020-06-22T12:40:11","guid":{"rendered":"https:\/\/patrick-friedl.de\/wps\/2020\/06\/22\/friedl-erwarte-planungsauftrag-noch-im-juli\/"},"modified":"2020-06-22T13:40:11","modified_gmt":"2020-06-22T12:40:11","slug":"friedl-erwarte-planungsauftrag-noch-im-juli","status":"publish","type":"post","link":"https:\/\/patrick-friedl.de\/wps\/2020\/06\/22\/friedl-erwarte-planungsauftrag-noch-im-juli\/","title":{"rendered":"Friedl: \u201eErwarte Planungsauftrag noch im Juli\u201c"},"content":{"rendered":"<p><span style=\"font-size: 10pt;\"><strong>Friedl: \u201eErwarte Planungsauftrag noch im Juli\u201c <\/strong><\/span><\/p>\n<p><strong>MdL Friedl sieht Uniklinik-Erweiterung auf Kurs, wenn Planungsauftrag jetzt kommt<\/strong><\/p>\n<p>Der W\u00fcrzburger MdL Patrick Friedl \u00e4u\u00dfert sich vorsichtig zuversichtlich. Die im Winter eingetretenen erneuten Verz\u00f6gerungen bei der Erweiterung der Universit\u00e4tsklinik in W\u00fcrzburg seien \u00e4rgerlich. Friedl: \u201eIch habe kein Verst\u00e4ndnis f\u00fcr ein Schwarze-Peter-Spiel innerhalb Bayerischen Staatsregierung. Wenn sich Planungsvorgaben ver\u00e4ndern so erwarte ich einen proaktiven und Projekttr\u00e4ger freundlichen Umgang.<\/p>\n<p>Doch im Ergebnis dienten vertiefte Bedarfsangaben und pr\u00e4zise Raumprogramme einem sp\u00e4teren reibungs\u00e4rmeren Planungs- und Bauablauf.\u201c Entscheidend sei,<\/p>\n<p><!--more--><\/p>\n<p>dass alle beteiligten Ministerien (Wissenschaft, Bau und Finanzen) hier ab jetzt Hand in Hand arbeiten und die n\u00f6tigen Genehmigungen z\u00fcgig erteilt w\u00fcrden. Friedl: \u201eIch vertraue auf die Zusage aus den Ministerien, dass der Bau in W\u00fcrzburg oberste Priorit\u00e4t bekomme. Nach der jahrelangen unn\u00f6tigen H\u00e4ngepartie beim Erwerb des Erweiterungsgel\u00e4ndes erwarte ich, dass der Planungsauftrag seitens des Wissenschaftsministeriums noch im Juli erteilt wird, damit ohne weitere Verz\u00f6gerungen die n\u00f6tigen Genehmigungen von Seiten des Bau- und Finanzministeriums zeitnah erteilt werden k\u00f6nnen.\u201c Dann w\u00e4re der Weg frei f\u00fcr die Ausschreibung der Planungsphase und dem Start eines Wettbewerbsverfahrens im Fr\u00fchjahr 2021.<\/p>\n<p>MdL Patrick Friedl: \u201eWenn das klappt, dann w\u00e4re die Uniklinik-Erweiterung auf Kurs. Es muss unser gemeinsames Ziel sein, den Bau schnellst- und bestm\u00f6glich, auch unter energetischen und bau\u00f6kologischen Gesichtspunkten, zu realisieren, im Interesse einer guten Patient*innen-Versorgung in Unterfranken. Hierzu werde ich in engem Austausch mit den beteiligten Ministerien bleiben.\u201c<\/p>\n","protected":false},"excerpt":{"rendered":"<p>Friedl: \u201eErwarte Planungsauftrag noch im Juli\u201c MdL Friedl sieht Uniklinik-Erweiterung auf Kurs, wenn Planungsauftrag jetzt kommt Der W\u00fcrzburger MdL Patrick Friedl \u00e4u\u00dfert sich vorsichtig zuversichtlich. Die im Winter eingetretenen erneuten [&hellip;]<\/p>\n","protected":false},"author":-1,"featured_media":0,"comment_status":"open","ping_status":"open","sticky":false,"template":"","format":"standard","meta":{"footnotes":""},"categories":[31],"tags":[],"class_list":["post-247","post","type-post","status-publish","format-standard","hentry","category-pressemitteilungen"],"_links":{"self":[{"href":"https:\/\/patrick-friedl.de\/wps\/wp-json\/wp\/v2\/posts\/247","targetHints":{"allow":["GET"]}}],"collection":[{"href":"https:\/\/patrick-friedl.de\/wps\/wp-json\/wp\/v2\/posts"}],"about":[{"href":"https:\/\/patrick-friedl.de\/wps\/wp-json\/wp\/v2\/types\/post"}],"author":[{"embeddable":true,"href":"https:\/\/patrick-friedl.de\/wps\/wp-json\/wp\/v2\/users\/2"}],"replies":[{"embeddable":true,"href":"https:\/\/patrick-friedl.de\/wps\/wp-json\/wp\/v2\/comments?post=247"}],"version-history":[{"count":0,"href":"https:\/\/patrick-friedl.de\/wps\/wp-json\/wp\/v2\/posts\/247\/revisions"}],"wp:attachment":[{"href":"https:\/\/patrick-friedl.de\/wps\/wp-json\/wp\/v2\/media?parent=247"}],"wp:term":[{"taxonomy":"category","embeddable":true,"href":"https:\/\/patrick-friedl.de\/wps\/wp-json\/wp\/v2\/categories?post=247"},{"taxonomy":"post_tag","embeddable":true,"href":"https:\/\/patrick-friedl.de\/wps\/wp-json\/wp\/v2\/tags?post=247"}],"curies":[{"name":"wp","href":"https:\/\/api.w.org\/{rel}","templated":true}]}}