{"id":244,"date":"2020-06-04T15:18:16","date_gmt":"2020-06-04T14:18:16","guid":{"rendered":"https:\/\/patrick-friedl.de\/wps\/2020\/06\/04\/umweltschutz-in-bayern-gruene-fordern-effektive-taten-statt-schoener-worte\/"},"modified":"2020-06-04T15:18:16","modified_gmt":"2020-06-04T14:18:16","slug":"umweltschutz-in-bayern-gruene-fordern-effektive-taten-statt-schoener-worte","status":"publish","type":"post","link":"https:\/\/patrick-friedl.de\/wps\/2020\/06\/04\/umweltschutz-in-bayern-gruene-fordern-effektive-taten-statt-schoener-worte\/","title":{"rendered":"Umweltschutz in Bayern: Gr\u00fcne fordern effektive Taten statt sch\u00f6ner Worte"},"content":{"rendered":"<p><span style=\"font-size: 10pt;\"><strong>Umweltschutz in Bayern: Gr\u00fcne fordern effektive Taten statt sch\u00f6ner Worte <\/strong><\/span><\/p>\n<p><strong>Zum Weltumwelttag am 5. Juni pflanzen die Landtags-Gr\u00fcnen ein B\u00e4umchen<\/strong><\/p>\n<p>Die Landtags-Gr\u00fcnen fordern zum Internationalen Tag der Umwelt am 5. Juni effektive Taten statt sch\u00f6ner Worte f\u00fcr die bayerische Natur: \u201eJedes Jahr geht es Natur und Umwelt weltweit und auch in Bayern schlechter, Tag f\u00fcr Tag verlieren wir mehr Natur und Artenvielfalt\u201c, erkl\u00e4rt der umweltpolitische Sprecher Christian Hierneis und der naturschutzpolitische Sprecher Patrick Friedl ist ver\u00e4rgert: \u201eAm Weltumwelttag werden sch\u00f6ne Reden \u00fcber Klima- und Artenschutz oder Abfallvermeidung geschwungen. Doch auch 2020 ist wieder gepr\u00e4gt von Abholzung der Urw\u00e4lder, Aussto\u00df von klimasch\u00e4dlichen Gasen und Verm\u00fcllen von Boden und Wasser. Wir m\u00fcssen das Ruder jetzt rumrei\u00dfen.\u201c<\/p>\n<p><!--more--><\/p>\n<p>Christian Hierneis und Patrick Friedl wollen die Regelungen f\u00fcr Umweltschutz in Bayern zu den wirkungsvollsten in Deutschland machen. \u201eMit dem Volksbegehren Artenschutz haben wir in Bayern die einmalige Chance, bundesweit eine Vorreiterrolle einzunehmen\u201c, so Christian Hierneis. \u201eDie S\u00f6der-Regierung tut nicht nur nichts f\u00fcr den Umweltschutz, sie hebelt auch wichtige neue Schutzvorschriften mittels Rechtsverordnungen aus und legt ein Klimaschutzgesetz vor, das an Unverbindlichkeit kaum zu \u00fcberbieten ist\u201c, sagt Patrick Friedl.<\/p>\n<p>Christian Hierneis und Patrick Friedl fordern eine Umweltpolitik, die enkeltauglich statt enkelfeindlich ist: \u201eWir m\u00fcssen endlich das Klima effektiv sch\u00fctzen, unsere B\u00f6den und Gew\u00e4sser sauber halten und \u2013 genau wie die Landwirtschaft \u2013 in einen \u00f6kologisch guten Zustand bringen. Wir m\u00fcssen den Artenschutz intensiver betreiben, mehr Naturschutzgebiete ausweisen, die Fl\u00e4chenversiegelung stoppen und unsere W\u00e4lder f\u00fcr den Klimawandel st\u00e4rken, sonst gehen wir an unserer Ignoranz gegen\u00fcber unseren Lebensgrundlagen zugrunde.\u201c<\/p>\n<p>\u00a0<\/p>\n","protected":false},"excerpt":{"rendered":"<p>Umweltschutz in Bayern: Gr\u00fcne fordern effektive Taten statt sch\u00f6ner Worte Zum Weltumwelttag am 5. Juni pflanzen die Landtags-Gr\u00fcnen ein B\u00e4umchen Die Landtags-Gr\u00fcnen fordern zum Internationalen Tag der Umwelt am 5. [&hellip;]<\/p>\n","protected":false},"author":-1,"featured_media":243,"comment_status":"open","ping_status":"open","sticky":false,"template":"","format":"standard","meta":{"footnotes":""},"categories":[31],"tags":[],"class_list":["post-244","post","type-post","status-publish","format-standard","has-post-thumbnail","hentry","category-pressemitteilungen"],"_links":{"self":[{"href":"https:\/\/patrick-friedl.de\/wps\/wp-json\/wp\/v2\/posts\/244","targetHints":{"allow":["GET"]}}],"collection":[{"href":"https:\/\/patrick-friedl.de\/wps\/wp-json\/wp\/v2\/posts"}],"about":[{"href":"https:\/\/patrick-friedl.de\/wps\/wp-json\/wp\/v2\/types\/post"}],"author":[{"embeddable":true,"href":"https:\/\/patrick-friedl.de\/wps\/wp-json\/wp\/v2\/users\/2"}],"replies":[{"embeddable":true,"href":"https:\/\/patrick-friedl.de\/wps\/wp-json\/wp\/v2\/comments?post=244"}],"version-history":[{"count":0,"href":"https:\/\/patrick-friedl.de\/wps\/wp-json\/wp\/v2\/posts\/244\/revisions"}],"wp:featuredmedia":[{"embeddable":true,"href":"https:\/\/patrick-friedl.de\/wps\/wp-json\/wp\/v2\/media\/243"}],"wp:attachment":[{"href":"https:\/\/patrick-friedl.de\/wps\/wp-json\/wp\/v2\/media?parent=244"}],"wp:term":[{"taxonomy":"category","embeddable":true,"href":"https:\/\/patrick-friedl.de\/wps\/wp-json\/wp\/v2\/categories?post=244"},{"taxonomy":"post_tag","embeddable":true,"href":"https:\/\/patrick-friedl.de\/wps\/wp-json\/wp\/v2\/tags?post=244"}],"curies":[{"name":"wp","href":"https:\/\/api.w.org\/{rel}","templated":true}]}}