{"id":242,"date":"2020-05-29T19:29:10","date_gmt":"2020-05-29T18:29:10","guid":{"rendered":"https:\/\/patrick-friedl.de\/wps\/2020\/05\/29\/mehr-mut-beim-waldschutz\/"},"modified":"2020-05-29T19:29:10","modified_gmt":"2020-05-29T18:29:10","slug":"mehr-mut-beim-waldschutz","status":"publish","type":"post","link":"https:\/\/patrick-friedl.de\/wps\/2020\/05\/29\/mehr-mut-beim-waldschutz\/","title":{"rendered":"Mehr Mut beim Waldschutz!"},"content":{"rendered":"<p><span style=\"font-size: 10pt;\"><strong>Mehr Mut beim Waldschutz! <\/strong><\/span><\/p>\n<p><strong>Patrick Friedl und <\/strong><strong>Ludwig Hartmann <\/strong><strong>begr\u00fc\u00dfen Waldschutzma\u00dfnahmen als ersten Schritt auf dem Weg zu drittem Nationalpark in Bayern M\u00fcnchen (29.5.2020\/hla)<\/strong><\/p>\n<p>Die angek\u00fcndigte Ausweisung von vier gro\u00dfen Waldschutzgebieten in Bayern kommentieren der Fraktionsvorsitzende der Landtags-Gr\u00fcnen, Ludwig Hartmann, und der Sprecher f\u00fcr Naturschutz und Klimaanpassung, Patrick Friedl, wie folgt:<\/p>\n<p>Patrick Friedl: \u201eWir erwarten, dass neben dem Nationalpark-Grundsatz \u201aNatur Natur sein lassen\u2018, in diesen Waldschutzgebieten auch alle \u00fcbrigen Nationalpark-Ma\u00dfnahmen umgesetzt werden. Gerade in den durch immer hei\u00dfere Sommer und trockenere Jahre bedrohten unterfr\u00e4nkischen W\u00e4ldern sind begleitende Forschungsprojekte dringend geboten. Leider sind die vier Waldst\u00fccke viel zu klein, um gro\u00df in Umweltbildung einsteigen und die sich frei entfaltende Natur auch als Tourismusfaktor nutzen zu k\u00f6nnen. Der erweiterte Schutz f\u00fcr den B\u00f6hlgrund muss der erste Schritt auf dem Weg zu einem Buchennationalpark Steigerwald sein, der dann auch den Hohen Buchenen Wald bei Ebrach mit einschlie\u00dft.\u201c<\/p>\n<p><!--more--><\/p>\n<p>Ludwig Hartmann: \u201eEs ist gut, dass die Natur in den vier Waldschutzgebieten eine Verschnaufpause vom Menschen bekommt. Gleichzeitig ist dies nur eine verzagte Verlegenheitsl\u00f6sung, weil Markus S\u00f6der in seinen ideologischen Vorbehalten gegen einen dritten Nationalpark gefangen ist. Stattdessen verstreut er jetzt einen Waldschutz-Flickenteppich \u00fcbers Land und nimmt dann nicht mal wertvolle, schutzbed\u00fcrftige Waldbest\u00e4nde wie das Ammergebirge oder den Spessart in den Blick. So gehen uns notwendige, ausgedehnte R\u00fcckzugsr\u00e4ume f\u00fcr bedrohte Tier- und Pflanzenarten und Regenerationsr\u00e4ume f\u00fcr bedrohte Baumbest\u00e4nde verloren. Damit bleibt f\u00fcr uns Gr\u00fcne die Forderung nach einem echten dritten Nationalpark auf der Agenda, von dem neben der Natur auch die Menschen in der Region noch st\u00e4rker profitieren. Ich fordere: Mehr Mut beim Waldschutz!\u201c<\/p>\n","protected":false},"excerpt":{"rendered":"<p>Mehr Mut beim Waldschutz! Patrick Friedl und Ludwig Hartmann begr\u00fc\u00dfen Waldschutzma\u00dfnahmen als ersten Schritt auf dem Weg zu drittem Nationalpark in Bayern M\u00fcnchen (29.5.2020\/hla) Die angek\u00fcndigte Ausweisung von vier gro\u00dfen [&hellip;]<\/p>\n","protected":false},"author":-1,"featured_media":241,"comment_status":"open","ping_status":"open","sticky":false,"template":"","format":"standard","meta":{"footnotes":""},"categories":[31],"tags":[],"class_list":["post-242","post","type-post","status-publish","format-standard","has-post-thumbnail","hentry","category-pressemitteilungen"],"_links":{"self":[{"href":"https:\/\/patrick-friedl.de\/wps\/wp-json\/wp\/v2\/posts\/242","targetHints":{"allow":["GET"]}}],"collection":[{"href":"https:\/\/patrick-friedl.de\/wps\/wp-json\/wp\/v2\/posts"}],"about":[{"href":"https:\/\/patrick-friedl.de\/wps\/wp-json\/wp\/v2\/types\/post"}],"author":[{"embeddable":true,"href":"https:\/\/patrick-friedl.de\/wps\/wp-json\/wp\/v2\/users\/2"}],"replies":[{"embeddable":true,"href":"https:\/\/patrick-friedl.de\/wps\/wp-json\/wp\/v2\/comments?post=242"}],"version-history":[{"count":0,"href":"https:\/\/patrick-friedl.de\/wps\/wp-json\/wp\/v2\/posts\/242\/revisions"}],"wp:featuredmedia":[{"embeddable":true,"href":"https:\/\/patrick-friedl.de\/wps\/wp-json\/wp\/v2\/media\/241"}],"wp:attachment":[{"href":"https:\/\/patrick-friedl.de\/wps\/wp-json\/wp\/v2\/media?parent=242"}],"wp:term":[{"taxonomy":"category","embeddable":true,"href":"https:\/\/patrick-friedl.de\/wps\/wp-json\/wp\/v2\/categories?post=242"},{"taxonomy":"post_tag","embeddable":true,"href":"https:\/\/patrick-friedl.de\/wps\/wp-json\/wp\/v2\/tags?post=242"}],"curies":[{"name":"wp","href":"https:\/\/api.w.org\/{rel}","templated":true}]}}