{"id":240,"date":"2020-05-21T13:03:39","date_gmt":"2020-05-21T12:03:39","guid":{"rendered":"https:\/\/patrick-friedl.de\/wps\/2020\/05\/21\/biodiversitaetsstrategie-2030-der-staatsregierung-gescheitert\/"},"modified":"2020-05-21T13:03:39","modified_gmt":"2020-05-21T12:03:39","slug":"biodiversitaetsstrategie-2030-der-staatsregierung-gescheitert","status":"publish","type":"post","link":"https:\/\/patrick-friedl.de\/wps\/2020\/05\/21\/biodiversitaetsstrategie-2030-der-staatsregierung-gescheitert\/","title":{"rendered":"Biodiversit\u00e4tsstrategie 2030 der Staatsregierung gescheitert"},"content":{"rendered":"<p><span style=\"font-size: 10pt;\"><strong>Weltbiodiversit\u00e4tstag am 22. Mai <\/strong><\/span><\/p>\n<p><strong>MdL Patrick Friedl: \u201eBiodiversit\u00e4tsstrategie 2030 der Staatsregierung gescheitert\u201c<\/strong><\/p>\n<p>Die Biodiversit\u00e4t geht weltweit drastisch zur\u00fcck. Auch in Bayern schreitet der Artenschwund dramatisch voran, so der naturschutzpolitische Sprecher der Gr\u00fcnen-Landtagsfraktion Patrick Friedl. Anl\u00e4sslich des Weltbiodiversit\u00e4tstags am 22. Mai beleuchtet Friedl die Artenschutzpolitik der Bayerischen Staatsregierung: \u201eDie Biodiversit\u00e4tsstrategie 2030 der Staatsregierung ist gescheitert.\u201c Dies habe die Aussprache zum Vollzugsbericht zur Biotopkartierung in Bayern mit Vertreter*innen des Bayerischen Umweltministeriums ergeben, die w\u00f6rtlich gesagt haben, dass die Ziele in der Biodiversit\u00e4tsstrategie 2030 \u201ezu ambitioniert\u201c gewesen seien. Friedl: \u201eSie haben zu wenig Personal, keine verbindlichen Arbeitsschritte und sie halten gesetzliche Vorgaben aus dem Europa-, Bundes- und Landes-Naturschutzrecht nicht ein.\u201c So droht am 15. Juni eine Klage-Erhebung durch die Europ\u00e4ische Union wegen mangelhafter Umsetzung der FFH-Richtlinie von 1992.<\/p>\n<p><!--more--><\/p>\n<p>Christian Hierneis, umweltpolitischer Sprecher der Gr\u00fcnen-Landtagsfraktion stellt dazu fest: \u201eTrotz der im Jahr 2008 verabschiedeten Bayerischen Biodiversit\u00e4tsstrategie verschwinden in Bayern weiter ungebremst Lebensr\u00e4ume und damit auch die Arten. Ob Vogelarten wie der Kiebitz, das Auerhuhn oder die Feldlerche, ob Feldhamster, Bienen- und Schmetterlings- und andere Insektenarten oder Amphibien: Bayern verliert weiterhin fr\u00fcher weit verbreitete heimische Arten.\u201c In der Bayerischen Biodiversit\u00e4tsstrategie 2008 ist zu lesen: \u201eBis zum Jahre 2020 soll die biologische Vielfalt in Agrar\u00f6kosystemen wieder deutlich erh\u00f6ht werden.\u201c Friedl: \u201eDas genaue Gegenteil ist passiert. Es fehlen die Mittel und die Staatsregierung hat auch kein Interesse, ihre eigenen Worte in Taten umzusetzen.\u201c Hierneis: \u201eDie Staatsregierung hat hier auf ganzer Linie versagt.\u201c<\/p>\n<p>Friedl und Hierneis: \u201eEs ist schon bezeichnend, dass es trotz einer Biodiversit\u00e4tsstrategie keine zehn Jahre sp\u00e4ter ein Volksbegehren Artenschutz gebraucht hat, damit endlich etwas zum Schutz der Arten passiert. \u201c Friedl: \u201eUnd trotzdem hat der Umweltminister nichts besseres zu tun, als das neue Artenschutzrecht gleich wieder auszuh\u00f6hlen, wie mit der Streuobstwiesenverordnung passiert. So wurde durch utopische Vorgaben daf\u00fcr gesorgt, dass der geplante Biotopschutz f\u00fcr alte Streuobstwiesen ins Leere l\u00e4uft. Artenschutz ist von dieser Staatsregierung nicht gewollt und nicht zu erwarten.\u201c<\/p>\n","protected":false},"excerpt":{"rendered":"<p>Weltbiodiversit\u00e4tstag am 22. Mai MdL Patrick Friedl: \u201eBiodiversit\u00e4tsstrategie 2030 der Staatsregierung gescheitert\u201c Die Biodiversit\u00e4t geht weltweit drastisch zur\u00fcck. Auch in Bayern schreitet der Artenschwund dramatisch voran, so der naturschutzpolitische Sprecher [&hellip;]<\/p>\n","protected":false},"author":-1,"featured_media":239,"comment_status":"open","ping_status":"open","sticky":false,"template":"","format":"standard","meta":{"footnotes":""},"categories":[31],"tags":[],"class_list":["post-240","post","type-post","status-publish","format-standard","has-post-thumbnail","hentry","category-pressemitteilungen"],"_links":{"self":[{"href":"https:\/\/patrick-friedl.de\/wps\/wp-json\/wp\/v2\/posts\/240","targetHints":{"allow":["GET"]}}],"collection":[{"href":"https:\/\/patrick-friedl.de\/wps\/wp-json\/wp\/v2\/posts"}],"about":[{"href":"https:\/\/patrick-friedl.de\/wps\/wp-json\/wp\/v2\/types\/post"}],"author":[{"embeddable":true,"href":"https:\/\/patrick-friedl.de\/wps\/wp-json\/wp\/v2\/users\/2"}],"replies":[{"embeddable":true,"href":"https:\/\/patrick-friedl.de\/wps\/wp-json\/wp\/v2\/comments?post=240"}],"version-history":[{"count":0,"href":"https:\/\/patrick-friedl.de\/wps\/wp-json\/wp\/v2\/posts\/240\/revisions"}],"wp:featuredmedia":[{"embeddable":true,"href":"https:\/\/patrick-friedl.de\/wps\/wp-json\/wp\/v2\/media\/239"}],"wp:attachment":[{"href":"https:\/\/patrick-friedl.de\/wps\/wp-json\/wp\/v2\/media?parent=240"}],"wp:term":[{"taxonomy":"category","embeddable":true,"href":"https:\/\/patrick-friedl.de\/wps\/wp-json\/wp\/v2\/categories?post=240"},{"taxonomy":"post_tag","embeddable":true,"href":"https:\/\/patrick-friedl.de\/wps\/wp-json\/wp\/v2\/tags?post=240"}],"curies":[{"name":"wp","href":"https:\/\/api.w.org\/{rel}","templated":true}]}}