{"id":238,"date":"2020-05-18T16:31:17","date_gmt":"2020-05-18T15:31:17","guid":{"rendered":"https:\/\/patrick-friedl.de\/wps\/2020\/05\/18\/posthalle-retten-schulterschluss-fuer-eine-wichtige-unterfraenkische-kultureinrichtung\/"},"modified":"2020-05-18T16:31:17","modified_gmt":"2020-05-18T15:31:17","slug":"posthalle-retten-schulterschluss-fuer-eine-wichtige-unterfraenkische-kultureinrichtung","status":"publish","type":"post","link":"https:\/\/patrick-friedl.de\/wps\/2020\/05\/18\/posthalle-retten-schulterschluss-fuer-eine-wichtige-unterfraenkische-kultureinrichtung\/","title":{"rendered":"Posthalle retten! &#8211; Schulterschluss f\u00fcr eine wichtige unterfr\u00e4nkische Kultureinrichtung"},"content":{"rendered":"<p><span style=\"font-size: 10pt;\"><strong>Posthalle retten! &#8211; Schulterschluss f\u00fcr eine wichtige unterfr\u00e4nkische Kultureinrichtung <\/strong><\/span><\/p>\n<p><strong>Abgeordnete Patrick Friedl (Gr\u00fcne) und Volkmar Halbleib (SPD) k\u00e4mpfen f\u00fcr die Zukunft der Posthalle und anderer Kulturveranstalter<\/strong><\/p>\n<p>Die Posthalle ist in W\u00fcrzburg und der Region die einzige Spielst\u00e4tte f\u00fcr Veranstaltungen von 200 bis 3.000 Personen. Durch die Corona-Pandemie musste die Posthalle ihr Programm komplett stoppen und ein Neubeginn ist derzeit nicht absehbar. Damit stehen der Erhalt und damit die Zukunft des Kultur- und Veranstaltungsangebotes der Posthalle derzeit auf der Kippe. Wegen der besonderen Bedeutung der Posthalle f\u00fcr ganz Unterfranken, fordern jetzt die Landtagsabgeordneten Patrick Friedl (Gr\u00fcne) und Volkmar Halbleib (SPD) im politischen Schulterschluss gezielte staatliche Hilfen, um das einmalige Kulturhallen-Konzept zu retten. \u201eJetzt ist der Freistaat gefordert, soll nicht ein wichtiger Teil der popul\u00e4ren Kultur in unserer Region einen dauerhaften Schaden erleiden\u201c, zeigen sich Friedl und Halbleib \u00fcberzeugt.<\/p>\n<p><img loading=\"lazy\" decoding=\"async\" class=\" size-full wp-image-237\" src=\"http:\/\/patrick-friedl.de\/wps\/wp-content\/uploads\/2020\/05\/2020_02_22_Townhall_mit_Katharina_und_Martin_0923_2MB-scaled.jpg\" width=\"568\" height=\"214\" srcset=\"https:\/\/patrick-friedl.de\/wps\/wp-content\/uploads\/2020\/05\/2020_02_22_Townhall_mit_Katharina_und_Martin_0923_2MB-scaled.jpg 2560w, https:\/\/patrick-friedl.de\/wps\/wp-content\/uploads\/2020\/05\/2020_02_22_Townhall_mit_Katharina_und_Martin_0923_2MB-300x113.jpg 300w, https:\/\/patrick-friedl.de\/wps\/wp-content\/uploads\/2020\/05\/2020_02_22_Townhall_mit_Katharina_und_Martin_0923_2MB-1024x386.jpg 1024w, https:\/\/patrick-friedl.de\/wps\/wp-content\/uploads\/2020\/05\/2020_02_22_Townhall_mit_Katharina_und_Martin_0923_2MB-768x289.jpg 768w, https:\/\/patrick-friedl.de\/wps\/wp-content\/uploads\/2020\/05\/2020_02_22_Townhall_mit_Katharina_und_Martin_0923_2MB-1536x579.jpg 1536w, https:\/\/patrick-friedl.de\/wps\/wp-content\/uploads\/2020\/05\/2020_02_22_Townhall_mit_Katharina_und_Martin_0923_2MB-2048x771.jpg 2048w\" sizes=\"auto, (max-width: 568px) 100vw, 568px\" \/><br \/>Letzte Gr\u00fcnen-Veranstaltung in der Posthalle vor dem Lockdown mit Katharina Schulze und Martin Heilig<\/p>\n<p><!--more--><\/p>\n<p>In separaten Schreiben an Bayerns Kunstminister Bernd Sibler und an Wirtschaftsminister Hubert Aiwanger fordern die Abgeordneten eine zus\u00e4tzliche \u00dcberbr\u00fcckungshilfe des Freistaates f\u00fcr Kulturveranstalter, insbesondere die Posthalle, um dauerhafte Schlie\u00dfungen abzuwenden: \u201eDie bisher beschlossenen Unterst\u00fctzungen durch Soforthilfe, Krediterleichterungen, Kurzarbeit und steuerliche Ma\u00dfnahmen wie die Reduzierung der Mehrwertsteuer f\u00fcr Speisen reichen nicht, soll Kulturveranstaltern wie der Posthalle wirksam geholfen werden\u201c, betonen Halbleib und Friedl in einer gemeinsamen Pressemitteilung.<\/p>\n<p>Leider, so die Abgeordneten, rutsche die Posthalle mit ihrem besonderen Zuschnitt und ihrer Gr\u00f6\u00dfe derzeit durch alle weitergehenden staatlichen Unterst\u00fctzungsprogramme. So greife die Ende April beschlossene finanzielle Unterst\u00fctzung von \u201estaatlich gef\u00f6rderten nichtstaatlichen Kunst- und Kultureinrichtungen\u201c nicht, weil die Posthallen-Betreiber in W\u00fcrzburg bisher ihr hochwertiges und vielf\u00e4ltiges Angebot ohne staatliche Unterst\u00fctzung gestemmt haben. Neuer Ansatzpunkt ist die am vergangenen Donnerstag verk\u00fcndete zus\u00e4tzliche Unterst\u00fctzung f\u00fcr Kulturst\u00e4tten.<\/p>\n<p>Nachdem die Posthallen-GmbH sowohl die Eigenschaften einer Musikspielst\u00e4tte wie eines Konzertveranstalters in sich vereine, setzen Halbleib und Friedl bei den konkreten Hilfen des Freistaates nicht nur auf den Verantwortungsbereich des Wissenschaftsministeriums, sondern auch den des Wirtschaftsministeriums, \u201eschlie\u00dflich liegen Kultur- und Kreativwirtschaft hier nah beieinander\u201c. Aus dem Kunstministerium war auf Nachfrage zu erfahren, dass \u201edie Kriterien zum Spielst\u00e4tten-Programm derzeit noch ausgearbeitet werden, weswegen zum jetzigen Zeitpunkt noch keine abschlie\u00dfende Auskunft m\u00f6glich\u201c sei, so Friedl und Halbleib.<\/p>\n<p>Nach den Einsch\u00e4tzungen des Branchenverbandes seien hierzu mindestens zehn Prozent des Umsatzausfalls bzw. des Vorjahresumsatzes erforderlich, so Halbleib und Friedl \u00fcbereinstimmend. Die beiden Landtagsabgeordneten sehen aber nicht nur den Freistaat Bayern, sondern auch den Bund gefordert, wo derzeit an einem Hilfsprogramm gearbeitet werden. Wichtig sei aber, dass bei diesem geplanten F\u00f6rderprogramm f\u00fcr Musikspielst\u00e4tten die Gr\u00f6\u00dfe der Posthalle mit einem Fassungsverm\u00f6gen von 3.000 Personen nicht als Ausschlusskriterium festgelegt werde. Denn tats\u00e4chlich liege bei rund 90 Prozent der Veranstaltungen die Zahl der G\u00e4ste unter 1000.<\/p>\n<p>Um eine zukunftsf\u00e4hige L\u00f6sung f\u00fcr die Posthalle als zentralen Kulturort der Region zu finden, wollen die beiden Abgeordneten die Forderung nach aktuellen Hilfen mit einer Perspektive auf eine Posthalle 2.0 verbunden sehen. Da unsicher ist, ob der Pachtvertrag zur Posthalle \u00fcber das derzeitige Ende im M\u00e4rz 2023 von den Eigent\u00fcmern verl\u00e4ngert wird, sollte bereits jetzt die Erm\u00f6glichung einer neuen Kultur- und Musikspielst\u00e4tte in W\u00fcrzburg in Angriff genommen werden. \u201eDie L\u00f6sung der langfristigen Standortfrage w\u00fcrde dabei helfen, die kurzfristigen aktuellen Probleme durch die Corona-Krise besser abfedern zu k\u00f6nnen\u201c, so Friedl und Halbleib.<\/p>\n","protected":false},"excerpt":{"rendered":"<p>Posthalle retten! &#8211; Schulterschluss f\u00fcr eine wichtige unterfr\u00e4nkische Kultureinrichtung Abgeordnete Patrick Friedl (Gr\u00fcne) und Volkmar Halbleib (SPD) k\u00e4mpfen f\u00fcr die Zukunft der Posthalle und anderer Kulturveranstalter Die Posthalle ist in [&hellip;]<\/p>\n","protected":false},"author":-1,"featured_media":237,"comment_status":"open","ping_status":"open","sticky":false,"template":"","format":"standard","meta":{"footnotes":""},"categories":[31],"tags":[],"class_list":["post-238","post","type-post","status-publish","format-standard","has-post-thumbnail","hentry","category-pressemitteilungen"],"_links":{"self":[{"href":"https:\/\/patrick-friedl.de\/wps\/wp-json\/wp\/v2\/posts\/238","targetHints":{"allow":["GET"]}}],"collection":[{"href":"https:\/\/patrick-friedl.de\/wps\/wp-json\/wp\/v2\/posts"}],"about":[{"href":"https:\/\/patrick-friedl.de\/wps\/wp-json\/wp\/v2\/types\/post"}],"author":[{"embeddable":true,"href":"https:\/\/patrick-friedl.de\/wps\/wp-json\/wp\/v2\/users\/2"}],"replies":[{"embeddable":true,"href":"https:\/\/patrick-friedl.de\/wps\/wp-json\/wp\/v2\/comments?post=238"}],"version-history":[{"count":0,"href":"https:\/\/patrick-friedl.de\/wps\/wp-json\/wp\/v2\/posts\/238\/revisions"}],"wp:featuredmedia":[{"embeddable":true,"href":"https:\/\/patrick-friedl.de\/wps\/wp-json\/wp\/v2\/media\/237"}],"wp:attachment":[{"href":"https:\/\/patrick-friedl.de\/wps\/wp-json\/wp\/v2\/media?parent=238"}],"wp:term":[{"taxonomy":"category","embeddable":true,"href":"https:\/\/patrick-friedl.de\/wps\/wp-json\/wp\/v2\/categories?post=238"},{"taxonomy":"post_tag","embeddable":true,"href":"https:\/\/patrick-friedl.de\/wps\/wp-json\/wp\/v2\/tags?post=238"}],"curies":[{"name":"wp","href":"https:\/\/api.w.org\/{rel}","templated":true}]}}