{"id":236,"date":"2020-05-13T10:22:23","date_gmt":"2020-05-13T09:22:23","guid":{"rendered":"https:\/\/patrick-friedl.de\/wps\/2020\/05\/13\/gruene-mit-neuem-fraktionsvorstand\/"},"modified":"2020-05-13T10:22:23","modified_gmt":"2020-05-13T09:22:23","slug":"gruene-mit-neuem-fraktionsvorstand","status":"publish","type":"post","link":"https:\/\/patrick-friedl.de\/wps\/2020\/05\/13\/gruene-mit-neuem-fraktionsvorstand\/","title":{"rendered":"Gr\u00fcne mit neuem Fraktionsvorstand"},"content":{"rendered":"<p><span style=\"font-size: 10pt;\"><strong>Gr\u00fcne mit neuem Fraktionsvorstand <\/strong><\/span><\/p>\n<p><strong>Matthias Pilz gibt nach 24 Jahren den Fraktionsvorsitz ab<\/strong><\/p>\n<p>Zum Beginn der neuen Wahlperiode hat die Gr\u00fcne Stadtratsfraktion einen neuen Fraktionsvorstand gew\u00e4hlt. Mit <strong>Karin Miethaner-Vent<\/strong> und <strong>Patrick Friedl<\/strong> wechseln zwei erfahrene Stadtratsmitglieder der 16-k\u00f6pfigen Fraktion nach sechs Jahren Stellvertretung in den Vorsitz. \u201eIch freue mich sehr \u00fcber das Vertrauen unserer fast verdoppelten Fraktion\u201c, so <strong>Miethaner-Vent<\/strong>. Die langj\u00e4hrige ehemalige Vorsitzende des Bund Naturschutz in W\u00fcrzburg ist als Umweltexpertin f\u00fcr die Gr\u00fcnen seit 24 Jahren im W\u00fcrzburger Stadtrat. Ihr Einsatz gilt ganz besonders dem Umwelt- und Naturschutz in der Stadt. So hat sie mit Nachdruck und Beharrlichkeit die Gew\u00e4sserentwicklungsplanung und das Ringparkpflegewerk durchgesetzt.<\/p>\n<p>Ihr Co-Vorsitzender <strong>Patrick Friedl<\/strong> ist seit 12 Jahren Mitglied im Stadtrat.<\/p>\n<p><!--more--><\/p>\n<p>Friedl: \u201eUnser Ziel ist, unserem Klimab\u00fcrgermeister Martin Heilig aus der Fraktion heraus f\u00fcr die neue Aufgabe als Klima- und Umweltreferent politisch den R\u00fccken zu st\u00e4rken. Wir wollen die Schlagzahl bei Klima- und Umweltschutz in W\u00fcrzburg weiter erh\u00f6hen.\u201c Patrick Friedl hat sich erfolgreich f\u00fcr Klimaschutz und Klimaanpassung eingesetzt. Er hatte die Initiative f\u00fcr die Halbierung des CO2-Aussto\u00dfes in W\u00fcrzburg bis 2020 (gegen\u00fcber 1990) ergriffen und die Grundlagen f\u00fcr den Klimafachbereich, das Integrierte Klimaschutzkonzept und Klimaversprechen gelegt. Besondere Akzente hat Friedl au\u00dferdem bei Stadtgr\u00fcn, Radpolitik und Integration gesetzt.<\/p>\n<p>Erg\u00e4nzt wird das Umwelt- und Klima-Duo Miethaner-Vent und Friedl an der Fraktionsspitze durch die langj\u00e4hrige Stadtr\u00e4tin Silke Trost als erste Stellvertreterin. Trost ist Sozialarbeiterin und hat ihre Schwerpunkte in der st\u00e4dtischen Sozialpolitik, bei Inklusion, Gleichstellung und im Tierschutz. So hat sie sich in den letzten Jahren erfolgreich f\u00fcr einen Aufwuchs der Nothilfefonds und f\u00fcr die konsequente Umsetzung des Kommunalen Aktionsplans Inklusion eingesetzt.<\/p>\n<p>Weitere Stellvertreter*innen sind die neuen Stadtratsmitglieder Lukas Weidinger, Simone Haberer und Konstantin Mack. Lukas Weidinger will die Digitalisierung W\u00fcrzburgs gest\u00e4rkt sehen und sich beim Smart-City-Prozess intensiv einbringen. Simone Haberer sieht ihre Schwerpunkte bei den Themen Abfallwirtschaft und Wasser. Konstantin Mack legt als j\u00fcngstes Vorstandsmitglied sein Augenmerk vor allem auf die Bereiche Verkehrswende, Jugendpolitik und Erinnerungskultur.<\/p>\n<p><strong>Gr\u00fcne danken Lehrieder und Pilz<\/strong><\/p>\n<p>Mit gro\u00dfem Dank f\u00fcr Ihre Verdienste verabschiedet die Fraktion Barbara Lehrieder nach drei und Matthias Pilz nach 24 Jahren als Fraktionsvorsitzende. Barbara Lehrieder wird als Stadtr\u00e4tin sich weiterhin stark machen f\u00fcr die Frauen-, Kultur- und Sportpolitik. Matthias Pilz will vor allem das Projekt Stra\u00dfenbahnlinie 6 zum Hubland erfolgreich weiterf\u00fchren und die Fraktion in haushalts-, finanz- und wirtschaftspolitischen Fragen unterst\u00fctzen. Lehrieder und Pilz: \u201eWir \u00fcbergeben die Verantwortung in der Fraktion nach dem gr\u00f6\u00dften Erfolg f\u00fcr Gr\u00fcne bei Wahlen in W\u00fcrzburg und mit Martin Heilig als erstem bayerischen Klimab\u00fcrgermeister mit einem guten Gef\u00fchl.\u201c<\/p>\n<p>\u00a0<\/p>\n<p>Auf der Homepage der <a href=\"https:\/\/www.mainpost.de\/regional\/wuerzburg\/warum-es-bei-wuerzburgs-gruenen-zwei-neue-fraktionschefs-gibt;art735,10445993\">[Mainpost]<\/a> k\u00f6nnen Sie weitere Berichterstattung dazu finden.<\/p>\n","protected":false},"excerpt":{"rendered":"<p>Gr\u00fcne mit neuem Fraktionsvorstand Matthias Pilz gibt nach 24 Jahren den Fraktionsvorsitz ab Zum Beginn der neuen Wahlperiode hat die Gr\u00fcne Stadtratsfraktion einen neuen Fraktionsvorstand gew\u00e4hlt. Mit Karin Miethaner-Vent und [&hellip;]<\/p>\n","protected":false},"author":-1,"featured_media":235,"comment_status":"open","ping_status":"open","sticky":false,"template":"","format":"standard","meta":{"footnotes":""},"categories":[34],"tags":[],"class_list":["post-236","post","type-post","status-publish","format-standard","has-post-thumbnail","hentry","category-pressemitteilungen-stadtrat"],"_links":{"self":[{"href":"https:\/\/patrick-friedl.de\/wps\/wp-json\/wp\/v2\/posts\/236","targetHints":{"allow":["GET"]}}],"collection":[{"href":"https:\/\/patrick-friedl.de\/wps\/wp-json\/wp\/v2\/posts"}],"about":[{"href":"https:\/\/patrick-friedl.de\/wps\/wp-json\/wp\/v2\/types\/post"}],"author":[{"embeddable":true,"href":"https:\/\/patrick-friedl.de\/wps\/wp-json\/wp\/v2\/users\/2"}],"replies":[{"embeddable":true,"href":"https:\/\/patrick-friedl.de\/wps\/wp-json\/wp\/v2\/comments?post=236"}],"version-history":[{"count":0,"href":"https:\/\/patrick-friedl.de\/wps\/wp-json\/wp\/v2\/posts\/236\/revisions"}],"wp:featuredmedia":[{"embeddable":true,"href":"https:\/\/patrick-friedl.de\/wps\/wp-json\/wp\/v2\/media\/235"}],"wp:attachment":[{"href":"https:\/\/patrick-friedl.de\/wps\/wp-json\/wp\/v2\/media?parent=236"}],"wp:term":[{"taxonomy":"category","embeddable":true,"href":"https:\/\/patrick-friedl.de\/wps\/wp-json\/wp\/v2\/categories?post=236"},{"taxonomy":"post_tag","embeddable":true,"href":"https:\/\/patrick-friedl.de\/wps\/wp-json\/wp\/v2\/tags?post=236"}],"curies":[{"name":"wp","href":"https:\/\/api.w.org\/{rel}","templated":true}]}}