{"id":228,"date":"2020-04-16T14:27:33","date_gmt":"2020-04-16T13:27:33","guid":{"rendered":"https:\/\/patrick-friedl.de\/wps\/2020\/04\/16\/verbindliche-managementplaene-fuer-ffh-gebiete\/"},"modified":"2020-04-16T14:27:33","modified_gmt":"2020-04-16T13:27:33","slug":"verbindliche-managementplaene-fuer-ffh-gebiete","status":"publish","type":"post","link":"https:\/\/patrick-friedl.de\/wps\/2020\/04\/16\/verbindliche-managementplaene-fuer-ffh-gebiete\/","title":{"rendered":"Verbindliche Managementpl\u00e4ne f\u00fcr FFH &#8211; Gebiete"},"content":{"rendered":"<p><span style=\"font-size: 10pt;\"><strong>Gr\u00fcne fordern verbindliche bayerische Managementpl\u00e4ne f\u00fcr FFH-Gebiete<\/strong><\/span><\/p>\n<p>Patrick Friedl: S\u00f6der-Regierung ignoriert europ\u00e4isches Naturschutzrecht und riskiert hohe Strafen<\/p>\n<p>Am 12. Februar 2020 meldete sich die Europ\u00e4ische Kommission und mahnte in einer mit Gr\u00fcnden versehenen Stellungnahme an, die europ\u00e4ische Fauna-Flora-Habitat-(FFH) Richtlinie endlich wirkungsvoll umzusetzen. Als Frist wurden zwei Monate gesetzt (bis 14. April 2020), sonst will die Kommission Klage einreichen mit der Konsequenz, das Strafzahlungen von bis zu 860 000 Euro am Tag auf Deutschland und damit Bayern zuk\u00e4men. Das k\u00f6nnte f\u00fcr Bayern bis \u00fcber 100.000 Euro pro Tag bedeuten, wenn die Strafen durchgereicht w\u00fcrden an Bayern, was zu erwarten w\u00e4re.<\/p>\n<p><!--more--><\/p>\n<p>Bayern hat sich verpflichtet, das \u201eeurop\u00e4ische Naturerbe zu erhalten und langfristig zu sichern [\u2026] [und] die einzelnen Gebiete durch hoheitliche, vertragliche oder andere geeignete Ma\u00dfnahmen zu sch\u00fctzen. Kern dieser Schutzverpflichtung ist das sog. &#8222;Verschlechterungsverbot&#8220;. Danach muss sichergestellt werden, dass sich die \u00f6kologischen Lebensgrundlagen der zu sch\u00fctzenden Tier- und Pflanzenarten nicht verschlechtern.&#8220;<\/p>\n<p>Homepage Bayerisches Umweltministerium: <a href=\"https:\/\/www.stmuv.bayern.de\/themen\/naturschutz\/biodiversitaet\/natura2000\/index.htm\" target=\"_blank\" rel=\"noopener noreferrer\">Bayerisches Umweltministerium<\/a><\/p>\n<p>Patrick Friedl, naturschutzpolitischer Sprecher der Landtags-Gr\u00fcnen: \u201eDie Realit\u00e4t in Bayern sieht leider anders aus. Trotz Schutz verschwinden immer mehr Arten und Lebensr\u00e4ume.\u201c F\u00fcr die ausgewiesenen FFH-Gebiete muss klar beschrieben werden, mit welchen konkreten Ma\u00dfnahmen Lebensr\u00e4ume oder Tier- und Pflanzenarten wieder in einen guten Zustand gebracht werden sollen. Dies soll in \u00f6ffentlich zug\u00e4nglichen Managementpl\u00e4nen erfolgen, so die Kritik der Europ\u00e4ischen Kommission. \u201eDie bayerischen Managementpl\u00e4ne sind weder \u00f6ffentlich zug\u00e4nglich noch enthalten sie konkrete Ma\u00dfnahmen wo, was, bis wann, f\u00fcr wie viel und durch wen durchgef\u00fchrt werden muss, um die Arten und Lebensr\u00e4ume zu erhalten\u201c, erkl\u00e4rt Patrick Friedl. \u201eDie Staatsregierung hat wirksame Ma\u00dfnahmen zum Schutz der Natur in den europ\u00e4ischen Schutzgebieten jahrelang ignoriert, das l\u00e4sst sich kurzfristig nicht heilen. Bayerische Managementpl\u00e4ne lesen sich eher wie Wunschzettel als klare Handlungsanweisungen. Hier braucht es dringend eine Festlegung der Abl\u00e4ufe, Fristen, Kosten und Verantwortlichkeiten in einem verbindlichen bayerischen Managementplan f\u00fcr FFH-Gebiete.\u201c Patrick Friedl fordert zudem die M\u00f6glichkeit, die Pl\u00e4ne im Internet einzusehen: \u201eEs kann nicht sein, dass die Pl\u00e4ne nur bei den Unteren Naturschutzbeh\u00f6rden zur Einsicht vorliegen. Alle interessierten B\u00fcrgerinnen und B\u00fcrger und Organisationen m\u00fcssen die M\u00f6glichkeit zur Einsicht haben. Das sieht auch die Europ\u00e4ische Kommission so.\u201c<\/p>\n<p>Sehen Sie dazu auch den Beitrag des <a href=\"https:\/\/www.br.de\/nachrichten\/wissen\/unzureichender-naturschutz-bayern-drohen-hohe-strafen-der-eu,Rw7eSeY\" target=\"_blank\" rel=\"noopener noreferrer\">Bayerischen Rundfunks<\/a><\/p>\n","protected":false},"excerpt":{"rendered":"<p>Gr\u00fcne fordern verbindliche bayerische Managementpl\u00e4ne f\u00fcr FFH-Gebiete Patrick Friedl: S\u00f6der-Regierung ignoriert europ\u00e4isches Naturschutzrecht und riskiert hohe Strafen Am 12. Februar 2020 meldete sich die Europ\u00e4ische Kommission und mahnte in einer [&hellip;]<\/p>\n","protected":false},"author":-1,"featured_media":227,"comment_status":"open","ping_status":"open","sticky":false,"template":"","format":"standard","meta":{"footnotes":""},"categories":[11],"tags":[],"class_list":["post-228","post","type-post","status-publish","format-standard","has-post-thumbnail","hentry","category-naturschutz"],"_links":{"self":[{"href":"https:\/\/patrick-friedl.de\/wps\/wp-json\/wp\/v2\/posts\/228","targetHints":{"allow":["GET"]}}],"collection":[{"href":"https:\/\/patrick-friedl.de\/wps\/wp-json\/wp\/v2\/posts"}],"about":[{"href":"https:\/\/patrick-friedl.de\/wps\/wp-json\/wp\/v2\/types\/post"}],"author":[{"embeddable":true,"href":"https:\/\/patrick-friedl.de\/wps\/wp-json\/wp\/v2\/users\/2"}],"replies":[{"embeddable":true,"href":"https:\/\/patrick-friedl.de\/wps\/wp-json\/wp\/v2\/comments?post=228"}],"version-history":[{"count":0,"href":"https:\/\/patrick-friedl.de\/wps\/wp-json\/wp\/v2\/posts\/228\/revisions"}],"wp:featuredmedia":[{"embeddable":true,"href":"https:\/\/patrick-friedl.de\/wps\/wp-json\/wp\/v2\/media\/227"}],"wp:attachment":[{"href":"https:\/\/patrick-friedl.de\/wps\/wp-json\/wp\/v2\/media?parent=228"}],"wp:term":[{"taxonomy":"category","embeddable":true,"href":"https:\/\/patrick-friedl.de\/wps\/wp-json\/wp\/v2\/categories?post=228"},{"taxonomy":"post_tag","embeddable":true,"href":"https:\/\/patrick-friedl.de\/wps\/wp-json\/wp\/v2\/tags?post=228"}],"curies":[{"name":"wp","href":"https:\/\/api.w.org\/{rel}","templated":true}]}}