{"id":226,"date":"2020-04-08T11:16:14","date_gmt":"2020-04-08T10:16:14","guid":{"rendered":"https:\/\/patrick-friedl.de\/wps\/2020\/04\/08\/bei-gruenen-mdl-friedl-praktikum-in-corona-zeiten\/"},"modified":"2020-04-08T11:16:14","modified_gmt":"2020-04-08T10:16:14","slug":"bei-gruenen-mdl-friedl-praktikum-in-corona-zeiten","status":"publish","type":"post","link":"https:\/\/patrick-friedl.de\/wps\/2020\/04\/08\/bei-gruenen-mdl-friedl-praktikum-in-corona-zeiten\/","title":{"rendered":"Bei Gr\u00fcnen-MdL Friedl: Praktikum in Corona-Zeiten"},"content":{"rendered":"<p><img loading=\"lazy\" decoding=\"async\" class=\" size-full wp-image-225\" src=\"http:\/\/patrick-friedl.de\/wps\/wp-content\/uploads\/2020\/04\/Sarah_Hirsch_im_Home-Office-scaled.jpg\" alt=\"\" width=\"2560\" height=\"1920\" srcset=\"https:\/\/patrick-friedl.de\/wps\/wp-content\/uploads\/2020\/04\/Sarah_Hirsch_im_Home-Office-scaled.jpg 2560w, https:\/\/patrick-friedl.de\/wps\/wp-content\/uploads\/2020\/04\/Sarah_Hirsch_im_Home-Office-300x225.jpg 300w, https:\/\/patrick-friedl.de\/wps\/wp-content\/uploads\/2020\/04\/Sarah_Hirsch_im_Home-Office-1024x768.jpg 1024w, https:\/\/patrick-friedl.de\/wps\/wp-content\/uploads\/2020\/04\/Sarah_Hirsch_im_Home-Office-768x576.jpg 768w, https:\/\/patrick-friedl.de\/wps\/wp-content\/uploads\/2020\/04\/Sarah_Hirsch_im_Home-Office-1536x1152.jpg 1536w, https:\/\/patrick-friedl.de\/wps\/wp-content\/uploads\/2020\/04\/Sarah_Hirsch_im_Home-Office-2048x1536.jpg 2048w\" sizes=\"auto, (max-width: 2560px) 100vw, 2560px\" \/><\/p>\n<p>Seit fast drei Wochen gelten nun die Ausgangsbeschr\u00e4nkungen und das Arbeits- und Alltagsleben hat sich f\u00fcr viele drastisch ver\u00e4ndert. Auch die Arbeitsweise des Bayerischen Landtages musste sich anpassen. Die meisten Abgeordneten und Mitarbeiter*innen arbeiten nun von Zuhause aus. Das gilt auch f\u00fcr den W\u00fcrzburger Gr\u00fcnen-Landtagsabgeordneten Patrick Friedl und seine Praktikantinnen Sophia Graf aus Endorf und Sarah Hirsch aus W\u00fcrzburg.<\/p>\n<p><!--more--><\/p>\n<p>Als am 10. Februar das Praktikum f\u00fcr Sarah Hirsch begann, lief noch alles ganz normal. Sie begleitete MdL Friedl auf interessante Termine, wie das Deutsche Zentrum f\u00fcr Herzinsuffizienz (DZHI) in W\u00fcrzburg (siehe Foto), und arbeitete im Wahlkreisb\u00fcro mit. Eine Woche im Bayerischen Landtag um Fraktionssitzungen, Plenarsitzungen und ein Landtags-Planspiel mitzuerleben, war auch schon geplant. All das musste durch die Corona-Krise abgesagt werden. \u201eDas ist schade, aber trotz Home-Office war auch die restliche Zeit meines Praktikums sehr interessant und abwechslungsreich. Recherchearbeiten, Videokonferenzen, Mails und Webinare &#8211; es gab trotzdem viel Spannendes zu tun\u201c, so Sarah Hirsch.<\/p>\n<p>Ungew\u00f6hnlich hingegen begann das Praktikum Ende M\u00e4rz f\u00fcr Sophia Graf als bereits der Ausnahmezustand herrschte. Anstatt nun die Arbeit im Bayerischen Landtag hautnah mitzuerleben, startete sie bereits im Home-Office. Durch zahlreiche Telefonkonferenzen, Webseminare und Videoschaltungen sei aber trotz allem ein strukturierter und geregelter Arbeitsablauf m\u00f6glich, so die Studentin. \u201eNat\u00fcrlich habe ich mich sehr auf die Arbeit im Maximilianeum gefreut. Nichtsdestotrotz ist es auch sehr spannend die Zusammenarbeit von Regierung und Opposition w\u00e4hrend einer solchen Krisensituation zu begleiten.\u201c Zusammenfassend bewerten die Studentinnen ihre Praktikumszeit sehr positiv.<\/p>\n<p>\u201eAu\u00dfergew\u00f6hnliche Zeiten erfordern ungewohnte L\u00f6sungen &#8211; und diese hat mein Team sehr gut entwickelt\u201c, so MdL Friedl, der selbst die meiste Zeit aus dem Home-Office arbeitet. Denn auch die Arbeit der Gr\u00fcnen-Landtagsfraktion wurde nahezu vollst\u00e4ndig auf Telefon- und Videokonferenzen umgestellt. Auch der Parlamentsbetrieb findet nur mehr sehr eingeschr\u00e4nkt statt. Friedl: \u201eNur das N\u00f6tigste wird derzeit in Ausschuss- und Plenumssitzungen diskutiert und entschieden, wie zum Beispiel das neue Bayerische Infektionsschutzgesetz. Dabei haben wir uns darauf verst\u00e4ndigt, dass den Parlamentsbetrieb jeweils ein F\u00fcnftel der Abgeordneten aller Fraktionen aufrechterh\u00e4lt, damit der n\u00f6tige Abstand in den Sitzungen gehalten werden kann.\u201c<\/p>\n","protected":false},"excerpt":{"rendered":"<p>Seit fast drei Wochen gelten nun die Ausgangsbeschr\u00e4nkungen und das Arbeits- und Alltagsleben hat sich f\u00fcr viele drastisch ver\u00e4ndert. Auch die Arbeitsweise des Bayerischen Landtages musste sich anpassen. Die meisten [&hellip;]<\/p>\n","protected":false},"author":-1,"featured_media":225,"comment_status":"open","ping_status":"open","sticky":false,"template":"","format":"standard","meta":{"footnotes":""},"categories":[31],"tags":[],"class_list":["post-226","post","type-post","status-publish","format-standard","has-post-thumbnail","hentry","category-pressemitteilungen"],"_links":{"self":[{"href":"https:\/\/patrick-friedl.de\/wps\/wp-json\/wp\/v2\/posts\/226","targetHints":{"allow":["GET"]}}],"collection":[{"href":"https:\/\/patrick-friedl.de\/wps\/wp-json\/wp\/v2\/posts"}],"about":[{"href":"https:\/\/patrick-friedl.de\/wps\/wp-json\/wp\/v2\/types\/post"}],"author":[{"embeddable":true,"href":"https:\/\/patrick-friedl.de\/wps\/wp-json\/wp\/v2\/users\/2"}],"replies":[{"embeddable":true,"href":"https:\/\/patrick-friedl.de\/wps\/wp-json\/wp\/v2\/comments?post=226"}],"version-history":[{"count":0,"href":"https:\/\/patrick-friedl.de\/wps\/wp-json\/wp\/v2\/posts\/226\/revisions"}],"wp:featuredmedia":[{"embeddable":true,"href":"https:\/\/patrick-friedl.de\/wps\/wp-json\/wp\/v2\/media\/225"}],"wp:attachment":[{"href":"https:\/\/patrick-friedl.de\/wps\/wp-json\/wp\/v2\/media?parent=226"}],"wp:term":[{"taxonomy":"category","embeddable":true,"href":"https:\/\/patrick-friedl.de\/wps\/wp-json\/wp\/v2\/categories?post=226"},{"taxonomy":"post_tag","embeddable":true,"href":"https:\/\/patrick-friedl.de\/wps\/wp-json\/wp\/v2\/tags?post=226"}],"curies":[{"name":"wp","href":"https:\/\/api.w.org\/{rel}","templated":true}]}}